{"id":16098,"date":"2025-10-22T09:12:25","date_gmt":"2025-10-22T07:12:25","guid":{"rendered":"https:\/\/www.krajskakniznicazilina.sk\/?p=16098"},"modified":"2025-10-24T11:47:55","modified_gmt":"2025-10-24T09:47:55","slug":"s-knihou-citam-rozumiem-myslim-som-november-2","status":"publish","type":"post","link":"https:\/\/www.krajskakniznicazilina.sk\/index.php\/2025\/10\/22\/s-knihou-citam-rozumiem-myslim-som-november-2\/","title":{"rendered":"S knihou \u2013 \u010d\u00edtam, rozumiem, mysl\u00edm, som \/ november"},"content":{"rendered":"<p style=\"text-align: justify;\"><strong><a href=\"https:\/\/www.krajskakniznicazilina.sk\/clanky\/2025\/11\/%C4%8Drms%20s%20knihou%20nielen%20o%20najnov%C5%A1%C3%ADch.jpg\"><img decoding=\"async\" class=\"alignleft size-medium\" src=\"https:\/\/www.krajskakniznicazilina.sk\/clanky\/2025\/11\/%C4%8Drms%20s%20knihou%20nielen%20o%20najnov%C5%A1%C3%ADch.jpg\" alt=\"plag\u00e1t\" width=\"20%\" height=\"20%\" \/><\/a>6.11.2025 o\u00a0 9:00 a 10:30<\/strong> &#8211; <strong>Nielen o najnov\u0161\u00edch knih\u00e1ch Hon na tu\u010dniaka \u010di Pr\u00e1zdniny s Pipom<\/strong> (pre deti 3 &#8211; 4. ro\u010dn\u00edka Z\u0160)<br \/>\nBeseda \u00a0\/ autorsk\u00e9 \u010d\u00edtanie so spisovate\u013eom<br \/>\nJuraj Ra\u00fdman, scen\u00e1rista, dramaturg a\u00a0oce\u0148ovan\u00fd autor kn\u00edh pre deti (Pr\u00e1zdniny s\u00a0Pipom , Hon na tu\u010dniaka, N\u00e1\u0161 brat Hlavi\u010dka , Emil z\u00a0h\u00f4r \u010di Viano\u010dka udatn\u00fd, medve\u010f m\u0148au, drak \u010dau a origin\u00e1l princezn\u00e1 Fujara Lop\u00fachov\u00e1&#8230;)<\/p>\n<p style=\"text-align: justify;\"><strong><a href=\"https:\/\/www.krajskakniznicazilina.sk\/clanky\/2025\/11\/%C4%8Drms%20s%20knihou%20futov%C3%A1%20o%20knih%C3%A1ch.jpg\"><img decoding=\"async\" class=\"size-medium alignright\" src=\"https:\/\/www.krajskakniznicazilina.sk\/clanky\/2025\/11\/%C4%8Drms%20s%20knihou%20futov%C3%A1%20o%20knih%C3%A1ch.jpg\" alt=\"plag\u00e1t\" width=\"20%\" height=\"20%\" \/><\/a>13.11.2025 o\u00a0 9:00 a 11:00 &#8211;<\/strong> <strong>O knih\u00e1ch, v ktor\u00fdch sa fantastick\u00e9 pr\u00edbehy a predstavy striedaj\u00fa s re\u00e1lnymi probl\u00e9mami s\u00fa\u010dasn\u00fdch det\u00ed<\/strong> (pre deti 4 -6. ro\u010dn\u00edka Z\u0160)<br \/>\nBeseda so spisovate\u013ekou \/ autorsk\u00e9 \u010d\u00edtanie<br \/>\nGabriela Futov\u00e1, vy\u0161tudovan\u00e1 \u017eurnalistka, b\u00fdval\u00e1 knihovn\u00ed\u010dka, autorka detsk\u00fdch kn\u00edh, ktor\u00e9 s\u00fa ob\u013e\u00faben\u00e9 medzi de\u0165mi a ich rodi\u010dmi (\u010co u\u010dky nevidia, Moja\u00a0 mama je bosorka, Nezbl\u00e1zni sa, mami\u010dka, O\u010dko \u0161peh\u00fa\u0148 a\u00a0mnoho \u010fal\u0161\u00edch)<\/p>\n<p style=\"text-align: justify;\"><strong><a href=\"https:\/\/www.krajskakniznicazilina.sk\/clanky\/2025\/11\/%C4%8Drms%20s%20knihou%20tandara%20vlk.jpg\"><img decoding=\"async\" class=\"alignleft size-medium\" src=\"https:\/\/www.krajskakniznicazilina.sk\/clanky\/2025\/11\/%C4%8Drms%20s%20knihou%20tandara%20vlk.jpg\" alt=\"plag\u00e1t\" width=\"20%\" height=\"20%\" \/><\/a>18.11.202 o 9:00 a 10:30 &#8211; Dobr\u00fd de\u0148, p\u00e1n Vlk! alebo tie najkraj\u0161ie narodeniny!<\/strong> (pre deti od 3 rokov)<br \/>\nDramatiz\u00e1cia rozpr\u00e1vkov\u00e9ho pr\u00edbehu o \u010cervenej \u010diapo\u010dke<br \/>\nDramatiz\u00e1cia, r\u00e9\u017eia, b\u00e1bky, hr\u00e1: \u00a0Luk\u00e1\u0161 Tandara<\/p>\n<p style=\"text-align: justify;\"><span style=\"text-align: justify;\">Podujatia s\u00fa ur\u010den\u00e9 pre \u0161kolsk\u00e9 kolekt\u00edvy, je potrebn\u00e9 sa <strong>vopred prihl\u00e1si\u0165<\/strong> &#8211; Mgr. Jana Neslu\u0161anov\u00e1: <\/span><strong><a style=\"text-align: justify;\" href=\"mailto:neslusanova@krajskakniznicazilina.sk\">neslusanova@krajskakniznicazilina.sk<\/a><\/strong><\/p>\n<p style=\"text-align: justify;\">Projekt <em>S knihou &#8211; \u010d\u00edtam, rozumiem, mysl\u00edm, som &#8211; XVIII. ro\u010dn\u00edk z\u00a0verejn\u00fdch zdrojov podporil Fond na podporu umenia<\/em><\/p>\n","protected":false},"excerpt":{"rendered":"<p>6.11.2025 o\u00a0 9:00 a 10:30 &#8211; Nielen o najnov\u0161\u00edch knih\u00e1ch Hon na tu\u010dniaka \u010di Pr\u00e1zdniny s Pipom (pre deti 3 &#8211; 4. ro\u010dn\u00edka Z\u0160) Beseda \u00a0\/ autorsk\u00e9 \u010d\u00edtanie so spisovate\u013eom Juraj Ra\u00fdman, scen\u00e1rista, dramaturg a\u00a0oce\u0148ovan\u00fd autor kn\u00edh pre deti (Pr\u00e1zdniny s\u00a0Pipom , Hon na tu\u010dniaka, N\u00e1\u0161 brat Hlavi\u010dka , Emil z\u00a0h\u00f4r \u010di Viano\u010dka udatn\u00fd, medve\u010f &#8230; <a title=\"S knihou \u2013 \u010d\u00edtam, rozumiem, mysl\u00edm, som \/ november\" class=\"read-more\" href=\"https:\/\/www.krajskakniznicazilina.sk\/index.php\/2025\/10\/22\/s-knihou-citam-rozumiem-myslim-som-november-2\/\" aria-label=\"Pre\u010d\u00edtajte si viac o S knihou \u2013 \u010d\u00edtam, rozumiem, mysl\u00edm, som \/ november\">\u010c\u00edta\u0165 viac<\/a><\/p>\n","protected":false},"author":1,"featured_media":0,"comment_status":"open","ping_status":"open","sticky":false,"template":"","format":"image","meta":{"footnotes":""},"categories":[12,68],"tags":[],"class_list":["post-16098","post","type-post","status-publish","format-image","hentry","category-podujatie","category-projekt","post_format-post-format-image"],"_links":{"self":[{"href":"https:\/\/www.krajskakniznicazilina.sk\/index.php\/wp-json\/wp\/v2\/posts\/16098","targetHints":{"allow":["GET"]}}],"collection":[{"href":"https:\/\/www.krajskakniznicazilina.sk\/index.php\/wp-json\/wp\/v2\/posts"}],"about":[{"href":"https:\/\/www.krajskakniznicazilina.sk\/index.php\/wp-json\/wp\/v2\/types\/post"}],"author":[{"embeddable":true,"href":"https:\/\/www.krajskakniznicazilina.sk\/index.php\/wp-json\/wp\/v2\/users\/1"}],"replies":[{"embeddable":true,"href":"https:\/\/www.krajskakniznicazilina.sk\/index.php\/wp-json\/wp\/v2\/comments?post=16098"}],"version-history":[{"count":4,"href":"https:\/\/www.krajskakniznicazilina.sk\/index.php\/wp-json\/wp\/v2\/posts\/16098\/revisions"}],"predecessor-version":[{"id":16141,"href":"https:\/\/www.krajskakniznicazilina.sk\/index.php\/wp-json\/wp\/v2\/posts\/16098\/revisions\/16141"}],"wp:attachment":[{"href":"https:\/\/www.krajskakniznicazilina.sk\/index.php\/wp-json\/wp\/v2\/media?parent=16098"}],"wp:term":[{"taxonomy":"category","embeddable":true,"href":"https:\/\/www.krajskakniznicazilina.sk\/index.php\/wp-json\/wp\/v2\/categories?post=16098"},{"taxonomy":"post_tag","embeddable":true,"href":"https:\/\/www.krajskakniznicazilina.sk\/index.php\/wp-json\/wp\/v2\/tags?post=16098"}],"curies":[{"name":"wp","href":"https:\/\/api.w.org\/{rel}","templated":true}]}}