{"id":16123,"date":"2025-10-23T12:04:58","date_gmt":"2025-10-23T10:04:58","guid":{"rendered":"https:\/\/www.krajskakniznicazilina.sk\/?p=16123"},"modified":"2025-10-23T12:04:58","modified_gmt":"2025-10-23T10:04:58","slug":"zastav-sa-a-spoznavaj","status":"publish","type":"post","link":"https:\/\/www.krajskakniznicazilina.sk\/index.php\/2025\/10\/23\/zastav-sa-a-spoznavaj\/","title":{"rendered":"ZAstav sa a SPOZN\u00c1VAJ"},"content":{"rendered":"<p style=\"text-align: justify;\"><a href=\"https:\/\/www.krajskakniznicazilina.sk\/clanky\/2025\/10\/ZAstav%20sa%20Kniznica%20(1).jpg\"><img decoding=\"async\" class=\"size-medium alignleft\" src=\"https:\/\/www.krajskakniznicazilina.sk\/clanky\/2025\/10\/ZAstav%20sa%20Kniznica%20(1).jpg\" alt=\"plag\u00e1t\" width=\"35%\" height=\"35%\" \/><\/a>Mil\u00ed rodi\u010dia, bud\u00faci rodi\u010dia, star\u00ed rodi\u010dia, ZAstavte sa v piatok <strong>24. okt\u00f3bra od 16.00 do 18.00<\/strong> v Krajskej kni\u017enici v \u017diline na bezplatnej in\u0161pirat\u00edvnej besede s lektorkou Montessori pedagogiky &#8211; Katar\u00ednou Jarinovou. Budeme sa rozpr\u00e1va\u0165 o tom, ak\u00fa d\u00f4le\u017eit\u00fa oblas\u0165 \u017eivota tvoria aktivity praktick\u00e9ho \u017eivota, \u010do znamen\u00e1 pripraven\u00e9 prostredie, ak\u00e9 s\u00fa senzit\u00edvne obdobia \u017eivota. A nielen to, Katka n\u00e1m predstav\u00ed aj mnoh\u00e9 tipy na aktivity, ktor\u00e9 m\u00f4\u017eete s va\u0161im die\u0165atkom\/vn\u00fa\u010da\u0165om robi\u0165 aj v dom\u00e1com prostred\u00ed. Radi v\u00e1s priv\u00edtame aj s va\u0161imi deti\u010dkami, \u010di vn\u00fa\u010datami.<\/p>\n","protected":false},"excerpt":{"rendered":"<p>Mil\u00ed rodi\u010dia, bud\u00faci rodi\u010dia, star\u00ed rodi\u010dia, ZAstavte sa v piatok 24. okt\u00f3bra od 16.00 do 18.00 v Krajskej kni\u017enici v \u017diline na bezplatnej in\u0161pirat\u00edvnej besede s lektorkou Montessori pedagogiky &#8211; Katar\u00ednou Jarinovou. Budeme sa rozpr\u00e1va\u0165 o tom, ak\u00fa d\u00f4le\u017eit\u00fa oblas\u0165 \u017eivota tvoria aktivity praktick\u00e9ho \u017eivota, \u010do znamen\u00e1 pripraven\u00e9 prostredie, ak\u00e9 s\u00fa senzit\u00edvne obdobia \u017eivota. A &#8230; <a title=\"ZAstav sa a SPOZN\u00c1VAJ\" class=\"read-more\" href=\"https:\/\/www.krajskakniznicazilina.sk\/index.php\/2025\/10\/23\/zastav-sa-a-spoznavaj\/\" aria-label=\"Pre\u010d\u00edtajte si viac o ZAstav sa a SPOZN\u00c1VAJ\">\u010c\u00edta\u0165 viac<\/a><\/p>\n","protected":false},"author":1,"featured_media":0,"comment_status":"open","ping_status":"open","sticky":false,"template":"","format":"image","meta":{"footnotes":""},"categories":[12],"tags":[],"class_list":["post-16123","post","type-post","status-publish","format-image","hentry","category-podujatie","post_format-post-format-image"],"_links":{"self":[{"href":"https:\/\/www.krajskakniznicazilina.sk\/index.php\/wp-json\/wp\/v2\/posts\/16123","targetHints":{"allow":["GET"]}}],"collection":[{"href":"https:\/\/www.krajskakniznicazilina.sk\/index.php\/wp-json\/wp\/v2\/posts"}],"about":[{"href":"https:\/\/www.krajskakniznicazilina.sk\/index.php\/wp-json\/wp\/v2\/types\/post"}],"author":[{"embeddable":true,"href":"https:\/\/www.krajskakniznicazilina.sk\/index.php\/wp-json\/wp\/v2\/users\/1"}],"replies":[{"embeddable":true,"href":"https:\/\/www.krajskakniznicazilina.sk\/index.php\/wp-json\/wp\/v2\/comments?post=16123"}],"version-history":[{"count":1,"href":"https:\/\/www.krajskakniznicazilina.sk\/index.php\/wp-json\/wp\/v2\/posts\/16123\/revisions"}],"predecessor-version":[{"id":16124,"href":"https:\/\/www.krajskakniznicazilina.sk\/index.php\/wp-json\/wp\/v2\/posts\/16123\/revisions\/16124"}],"wp:attachment":[{"href":"https:\/\/www.krajskakniznicazilina.sk\/index.php\/wp-json\/wp\/v2\/media?parent=16123"}],"wp:term":[{"taxonomy":"category","embeddable":true,"href":"https:\/\/www.krajskakniznicazilina.sk\/index.php\/wp-json\/wp\/v2\/categories?post=16123"},{"taxonomy":"post_tag","embeddable":true,"href":"https:\/\/www.krajskakniznicazilina.sk\/index.php\/wp-json\/wp\/v2\/tags?post=16123"}],"curies":[{"name":"wp","href":"https:\/\/api.w.org\/{rel}","templated":true}]}}