{"id":16130,"date":"2025-10-24T07:01:03","date_gmt":"2025-10-24T05:01:03","guid":{"rendered":"https:\/\/www.krajskakniznicazilina.sk\/?p=16130"},"modified":"2025-10-23T12:59:40","modified_gmt":"2025-10-23T10:59:40","slug":"komixove-workshopy-so-sestrami-jancovymi","status":"publish","type":"post","link":"https:\/\/www.krajskakniznicazilina.sk\/index.php\/2025\/10\/24\/komixove-workshopy-so-sestrami-jancovymi\/","title":{"rendered":"Komixov\u00e9 workshopy so sestrami Jan\u010dov\u00fdmi"},"content":{"rendered":"<p style=\"text-align: justify;\"><a href=\"https:\/\/www.krajskakniznicazilina.sk\/clanky\/2025\/11\/komiks%20WORKSHOPY.png\"><img decoding=\"async\" class=\"alignright size-medium\" src=\"https:\/\/www.krajskakniznicazilina.sk\/clanky\/2025\/11\/komiks%20WORKSHOPY.png\" alt=\"plag\u00e1t\" width=\"25%\" height=\"25%\" \/><\/a>Krajsk\u00e1 kni\u017enica v \u017diline srde\u010dne poz\u00fdva \u017eiakov 2. stup\u0148a z\u00e1kladn\u00fdch \u0161k\u00f4l (4. \u2013 7. ro\u010dn\u00edk) na prezenta\u010dno-vzdel\u00e1vacie podujatie so sestrami Ivanou a Zuzanou Jan\u010dov\u00fdmi <strong>v stredu 5. novembra 2025<\/strong> <strong>o 9:00 a 10:30<\/strong>.\u00a0\u017diaci sa dozvedia, ako vznik\u00e1 komiks \u2013 od n\u00e1padu cez scen\u00e1r a\u017e po ilustr\u00e1ciu. Sestry Jan\u010dov\u00e9 predstavia aj publik\u00e1cie Eco a tank (t\u00e9ma eko), \u010ciernovlas\u00fd princ(t\u00e9ma diskrimin\u00e1cie), pripravovan\u00e9 tituly o Messim, Ronaldovi a Mbapp\u00e9m at\u010f. a hlavnou t\u00e9mou bude nov\u00e1 komiksov\u00e1 novinka \u201eTank a spol. \u2013 Detekt\u00edvi ekologick\u00fdch z\u00e1had\u201c, zameran\u00e1 na ekologick\u00e9 vzdel\u00e1vanie a zodpovedn\u00fd pr\u00edstup k \u017eivotn\u00e9mu prostrediu hravou nen\u00e1ro\u010dnou formou tvorby eko-komiksu po\u010das kreat\u00edvnej \u010dasti.<\/p>\n<p style=\"text-align: justify;\">Na podujatie, ktor\u00e9 je ur\u010den\u00e9 pre \u0161kolsk\u00e9 kolekt\u00edvy, je potrebn\u00e9 sa vopred prihl\u00e1si\u0165 e-mailom <a href=\"mailto:neslusanova@krajskakniznicazilina.sk\">neslusanova@krajskakniznicazilina.sk<\/a> alebo telefonicky: 0908\/946 421 a je potrebn\u00e9 po\u010dka\u0165 na potvrdenie term\u00ednu.<\/p>\n<p style=\"text-align: justify;\">Projekt \u201eTank a spol. \u2013 ekologick\u00e9 vzdel\u00e1vanie prostredn\u00edctvom komiksov\u00e9ho pr\u00edbehu Detekt\u00edvi ekologick\u00fdch z\u00e1had\u201c podporila Nad\u00e1cia Milana Dubca v r\u00e1mci programu #kraj\u0161ievmeste 2025.<\/p>\n","protected":false},"excerpt":{"rendered":"<p>Krajsk\u00e1 kni\u017enica v \u017diline srde\u010dne poz\u00fdva \u017eiakov 2. stup\u0148a z\u00e1kladn\u00fdch \u0161k\u00f4l (4. \u2013 7. ro\u010dn\u00edk) na prezenta\u010dno-vzdel\u00e1vacie podujatie so sestrami Ivanou a Zuzanou Jan\u010dov\u00fdmi v stredu 5. novembra 2025 o 9:00 a 10:30.\u00a0\u017diaci sa dozvedia, ako vznik\u00e1 komiks \u2013 od n\u00e1padu cez scen\u00e1r a\u017e po ilustr\u00e1ciu. Sestry Jan\u010dov\u00e9 predstavia aj publik\u00e1cie Eco a tank (t\u00e9ma &#8230; <a title=\"Komixov\u00e9 workshopy so sestrami Jan\u010dov\u00fdmi\" class=\"read-more\" href=\"https:\/\/www.krajskakniznicazilina.sk\/index.php\/2025\/10\/24\/komixove-workshopy-so-sestrami-jancovymi\/\" aria-label=\"Pre\u010d\u00edtajte si viac o Komixov\u00e9 workshopy so sestrami Jan\u010dov\u00fdmi\">\u010c\u00edta\u0165 viac<\/a><\/p>\n","protected":false},"author":1,"featured_media":0,"comment_status":"open","ping_status":"open","sticky":false,"template":"","format":"image","meta":{"footnotes":""},"categories":[12,68],"tags":[],"class_list":["post-16130","post","type-post","status-publish","format-image","hentry","category-podujatie","category-projekt","post_format-post-format-image"],"_links":{"self":[{"href":"https:\/\/www.krajskakniznicazilina.sk\/index.php\/wp-json\/wp\/v2\/posts\/16130","targetHints":{"allow":["GET"]}}],"collection":[{"href":"https:\/\/www.krajskakniznicazilina.sk\/index.php\/wp-json\/wp\/v2\/posts"}],"about":[{"href":"https:\/\/www.krajskakniznicazilina.sk\/index.php\/wp-json\/wp\/v2\/types\/post"}],"author":[{"embeddable":true,"href":"https:\/\/www.krajskakniznicazilina.sk\/index.php\/wp-json\/wp\/v2\/users\/1"}],"replies":[{"embeddable":true,"href":"https:\/\/www.krajskakniznicazilina.sk\/index.php\/wp-json\/wp\/v2\/comments?post=16130"}],"version-history":[{"count":1,"href":"https:\/\/www.krajskakniznicazilina.sk\/index.php\/wp-json\/wp\/v2\/posts\/16130\/revisions"}],"predecessor-version":[{"id":16131,"href":"https:\/\/www.krajskakniznicazilina.sk\/index.php\/wp-json\/wp\/v2\/posts\/16130\/revisions\/16131"}],"wp:attachment":[{"href":"https:\/\/www.krajskakniznicazilina.sk\/index.php\/wp-json\/wp\/v2\/media?parent=16130"}],"wp:term":[{"taxonomy":"category","embeddable":true,"href":"https:\/\/www.krajskakniznicazilina.sk\/index.php\/wp-json\/wp\/v2\/categories?post=16130"},{"taxonomy":"post_tag","embeddable":true,"href":"https:\/\/www.krajskakniznicazilina.sk\/index.php\/wp-json\/wp\/v2\/tags?post=16130"}],"curies":[{"name":"wp","href":"https:\/\/api.w.org\/{rel}","templated":true}]}}