{"id":1622,"date":"2018-05-24T11:06:11","date_gmt":"2018-05-24T09:06:11","guid":{"rendered":"http:\/\/www.krajskakniznicazilina.sk\/?p=1622"},"modified":"2018-05-24T11:13:45","modified_gmt":"2018-05-24T09:13:45","slug":"citajme-si-2018","status":"publish","type":"post","link":"https:\/\/www.krajskakniznicazilina.sk\/index.php\/2018\/05\/24\/citajme-si-2018\/","title":{"rendered":"\u010c\u00edtajme si&#8230; 2018"},"content":{"rendered":"<p style=\"text-align: justify;\">\u010citate\u013esk\u00fd marat\u00f3n det\u00ed u\u017e po tret\u00ed kr\u00e1t v\u00a0Auparku <a href=\"http:\/\/www.krajskakniznicazilina.sk\/clanky\/2018\/05\/citajmeSI2018.jpg\"><img decoding=\"async\" class=\"alignleft wp-image-1564 size-medium\" src=\"http:\/\/www.krajskakniznicazilina.sk\/clanky\/2018\/05\/citajmeSI2018.jpg\" alt=\"\" width=\"25%\" height=\"25%\" \/><\/a><\/p>\n<p style=\"text-align: justify;\">Krajsk\u00e1 kni\u017enica v \u017diline, organiz\u00e1cia v\u00a0zria\u010fovate\u013eskej p\u00f4sobnosti \u017dilinsk\u00e9ho samospr\u00e1vneho kraja, sa tento rok op\u00e4\u0165 zap\u00e1ja do \u010ditate\u013esk\u00e9ho marat\u00f3nu det\u00ed \u201e<strong>\u010c\u00edtajme si&#8230;<\/strong>\u201c. Aj jeden\u00e1sty ro\u010dn\u00edk celoslovensk\u00e9ho marat\u00f3nu v\u00a0\u010d\u00edtan\u00ed det\u00ed organizuje Linka detskej istoty pri SV UNICEF a Krajsk\u00e1 kni\u017enica ho u\u017e po tret\u00ed kr\u00e1t realizuje <strong>v\u00a0priestoroch OC Aupark \u017dilina<\/strong>,<strong> v\u00a0stredu 30. m\u00e1ja 2018<\/strong>. <strong>O\u00a0prekonanie rekordu sa budeme pok\u00fa\u0161a\u0165 od 9:00 do 15:00 hod.<\/strong><\/p>\n<p style=\"text-align: justify;\"><em>\u201eHlasn\u00e9 \u010d\u00edtanie poskytuje nielen be\u017en\u00e9 v\u00fdhody \u010d\u00edtania ako rozv\u00edjanie predstavivosti a roz\u0161irovanie slovnej z\u00e1soby, ale m\u00e1 aj priazniv\u00fd vplyv na d\u00fdchanie a\u00a0s\u00fastredenie. Deti \u013eah\u0161ie sleduj\u00fa text a\u00a0nepreskakuj\u00fa ako pri \u010d\u00edtan\u00ed potichu,\u201c<\/em> povedala Janka Zurovacov\u00e1, knihovn\u00ed\u010dka Krajskej kni\u017enice v\u00a0\u017diline.<\/p>\n<p style=\"text-align: justify;\">Minul\u00fd rok na r\u00f4znych miestach Slovenska \u010d\u00edtalo dohromady a\u017e 46\u00a0040 det\u00ed. Tento rok sa budeme sna\u017ei\u0165 \u010d\u00edslo prekona\u0165 spolu s\u00a0de\u0165mi zo z\u00e1kladn\u00fdch \u0161k\u00f4l zo \u017diliny a\u00a0okolia. Deti bud\u00fa \u010d\u00edta\u0165 knihy ob\u013e\u00faben\u00fdch s\u00fa\u010dasn\u00fdch slovensk\u00fdch autorov a\u00a0povzbudzova\u0165 ich bude re\u017eis\u00e9r Anton \u0160ul\u00edk, riadite\u013e Mestsk\u00e9ho divadla \u017dilina, canisterapeutka Martina\u00a0 Michalkov\u00e1 so svojimi Sne\u017eienkami, b\u00e1snik Goran Len\u010do a\u00a0\u010fal\u0161\u00ed knihovn\u00edci z\u00a0Krajskej kni\u017enice v\u00a0\u017diline. Pr\u00ed\u010fte ich podpori\u0165 aj Vy.<\/p>\n","protected":false},"excerpt":{"rendered":"<p>\u010citate\u013esk\u00fd marat\u00f3n det\u00ed u\u017e po tret\u00ed kr\u00e1t v\u00a0Auparku Krajsk\u00e1 kni\u017enica v \u017diline, organiz\u00e1cia v\u00a0zria\u010fovate\u013eskej p\u00f4sobnosti \u017dilinsk\u00e9ho samospr\u00e1vneho kraja, sa tento rok op\u00e4\u0165 zap\u00e1ja do \u010ditate\u013esk\u00e9ho marat\u00f3nu det\u00ed \u201e\u010c\u00edtajme si&#8230;\u201c. Aj jeden\u00e1sty ro\u010dn\u00edk celoslovensk\u00e9ho marat\u00f3nu v\u00a0\u010d\u00edtan\u00ed det\u00ed organizuje Linka detskej istoty pri SV UNICEF a Krajsk\u00e1 kni\u017enica ho u\u017e po tret\u00ed kr\u00e1t realizuje v\u00a0priestoroch OC Aupark &#8230; <a title=\"\u010c\u00edtajme si&#8230; 2018\" class=\"read-more\" href=\"https:\/\/www.krajskakniznicazilina.sk\/index.php\/2018\/05\/24\/citajme-si-2018\/\" aria-label=\"Pre\u010d\u00edtajte si viac o \u010c\u00edtajme si&#8230; 2018\">\u010c\u00edta\u0165 viac<\/a><\/p>\n","protected":false},"author":1,"featured_media":0,"comment_status":"open","ping_status":"open","sticky":false,"template":"","format":"image","meta":{"footnotes":""},"categories":[12],"tags":[],"class_list":["post-1622","post","type-post","status-publish","format-image","hentry","category-podujatie","post_format-post-format-image"],"_links":{"self":[{"href":"https:\/\/www.krajskakniznicazilina.sk\/index.php\/wp-json\/wp\/v2\/posts\/1622","targetHints":{"allow":["GET"]}}],"collection":[{"href":"https:\/\/www.krajskakniznicazilina.sk\/index.php\/wp-json\/wp\/v2\/posts"}],"about":[{"href":"https:\/\/www.krajskakniznicazilina.sk\/index.php\/wp-json\/wp\/v2\/types\/post"}],"author":[{"embeddable":true,"href":"https:\/\/www.krajskakniznicazilina.sk\/index.php\/wp-json\/wp\/v2\/users\/1"}],"replies":[{"embeddable":true,"href":"https:\/\/www.krajskakniznicazilina.sk\/index.php\/wp-json\/wp\/v2\/comments?post=1622"}],"version-history":[{"count":7,"href":"https:\/\/www.krajskakniznicazilina.sk\/index.php\/wp-json\/wp\/v2\/posts\/1622\/revisions"}],"predecessor-version":[{"id":1629,"href":"https:\/\/www.krajskakniznicazilina.sk\/index.php\/wp-json\/wp\/v2\/posts\/1622\/revisions\/1629"}],"wp:attachment":[{"href":"https:\/\/www.krajskakniznicazilina.sk\/index.php\/wp-json\/wp\/v2\/media?parent=1622"}],"wp:term":[{"taxonomy":"category","embeddable":true,"href":"https:\/\/www.krajskakniznicazilina.sk\/index.php\/wp-json\/wp\/v2\/categories?post=1622"},{"taxonomy":"post_tag","embeddable":true,"href":"https:\/\/www.krajskakniznicazilina.sk\/index.php\/wp-json\/wp\/v2\/tags?post=1622"}],"curies":[{"name":"wp","href":"https:\/\/api.w.org\/{rel}","templated":true}]}}