{"id":16313,"date":"2025-12-04T12:23:14","date_gmt":"2025-12-04T11:23:14","guid":{"rendered":"https:\/\/www.krajskakniznicazilina.sk\/?p=16313"},"modified":"2026-01-07T06:49:10","modified_gmt":"2026-01-07T05:49:10","slug":"otvaracie-hodiny-pocas-vianocnych-sviatkov-2025","status":"publish","type":"post","link":"https:\/\/www.krajskakniznicazilina.sk\/index.php\/2025\/12\/04\/otvaracie-hodiny-pocas-vianocnych-sviatkov-2025\/","title":{"rendered":"Otv\u00e1racie hodiny po\u010das viano\u010dn\u00fdch sviatkov 2025"},"content":{"rendered":"<p style=\"text-align: justify;\"><a href=\"https:\/\/www.krajskakniznicazilina.sk\/clanky\/2025\/12\/otv%C3%A1racie%20hodiny%20vianoce.jpg\"><img decoding=\"async\" class=\"alignleft size-full\" src=\"https:\/\/www.krajskakniznicazilina.sk\/clanky\/2025\/12\/otv%C3%A1racie%20hodiny%20vianoce.jpg\" alt=\"plag\u00e1t\" width=\"40%\" height=\"40%\" \/><\/a><\/p>\n<p style=\"text-align: justify;\"><strong>24. &#8211; 28.12. 2025 ZATVOREN\u00c9<\/strong><br \/>\n29. &#8211; 30.12. 2025 od 8:30 do 16:00<br \/>\n<strong>31.12. 2025 &#8211; 1.1.2026 ZATVOREN\u00c9<\/strong><br \/>\n2.1. 2026 od 8:30 do 16:00<br \/>\n3.1. 2026 od 9:00 do 13:00<br \/>\n<strong>6.1. 2026 &#8211; ZATVOREN\u00c9<\/strong><\/p>\n","protected":false},"excerpt":{"rendered":"<p>24. &#8211; 28.12. 2025 ZATVOREN\u00c9 29. &#8211; 30.12. 2025 od 8:30 do 16:00 31.12. 2025 &#8211; 1.1.2026 ZATVOREN\u00c9 2.1. 2026 od 8:30 do 16:00 3.1. 2026 od 9:00 do 13:00 6.1. 2026 &#8211; ZATVOREN\u00c9<\/p>\n","protected":false},"author":1,"featured_media":0,"comment_status":"open","ping_status":"open","sticky":false,"template":"","format":"image","meta":{"footnotes":""},"categories":[1],"tags":[],"class_list":["post-16313","post","type-post","status-publish","format-image","hentry","category-oznam","post_format-post-format-image"],"_links":{"self":[{"href":"https:\/\/www.krajskakniznicazilina.sk\/index.php\/wp-json\/wp\/v2\/posts\/16313","targetHints":{"allow":["GET"]}}],"collection":[{"href":"https:\/\/www.krajskakniznicazilina.sk\/index.php\/wp-json\/wp\/v2\/posts"}],"about":[{"href":"https:\/\/www.krajskakniznicazilina.sk\/index.php\/wp-json\/wp\/v2\/types\/post"}],"author":[{"embeddable":true,"href":"https:\/\/www.krajskakniznicazilina.sk\/index.php\/wp-json\/wp\/v2\/users\/1"}],"replies":[{"embeddable":true,"href":"https:\/\/www.krajskakniznicazilina.sk\/index.php\/wp-json\/wp\/v2\/comments?post=16313"}],"version-history":[{"count":2,"href":"https:\/\/www.krajskakniznicazilina.sk\/index.php\/wp-json\/wp\/v2\/posts\/16313\/revisions"}],"predecessor-version":[{"id":16404,"href":"https:\/\/www.krajskakniznicazilina.sk\/index.php\/wp-json\/wp\/v2\/posts\/16313\/revisions\/16404"}],"wp:attachment":[{"href":"https:\/\/www.krajskakniznicazilina.sk\/index.php\/wp-json\/wp\/v2\/media?parent=16313"}],"wp:term":[{"taxonomy":"category","embeddable":true,"href":"https:\/\/www.krajskakniznicazilina.sk\/index.php\/wp-json\/wp\/v2\/categories?post=16313"},{"taxonomy":"post_tag","embeddable":true,"href":"https:\/\/www.krajskakniznicazilina.sk\/index.php\/wp-json\/wp\/v2\/tags?post=16313"}],"curies":[{"name":"wp","href":"https:\/\/api.w.org\/{rel}","templated":true}]}}