{"id":16348,"date":"2025-12-01T08:13:34","date_gmt":"2025-12-01T07:13:34","guid":{"rendered":"https:\/\/www.krajskakniznicazilina.sk\/?p=16348"},"modified":"2025-12-11T14:27:45","modified_gmt":"2025-12-11T13:27:45","slug":"pozornost-v-ere-socialnych-medii-ako-technologie-menia-nase-spravanie-a-da-sa-to-vobec-zmenit","status":"publish","type":"post","link":"https:\/\/www.krajskakniznicazilina.sk\/index.php\/2025\/12\/01\/pozornost-v-ere-socialnych-medii-ako-technologie-menia-nase-spravanie-a-da-sa-to-vobec-zmenit\/","title":{"rendered":"Pozornos\u0165 v\u00a0\u00e9re soci\u00e1lnych m\u00e9di\u00ed: ako technol\u00f3gie menia na\u0161e spr\u00e1vanie. A d\u00e1 sa to v\u00f4bec zmeni\u0165?"},"content":{"rendered":"<p style=\"text-align: justify;\"><a href=\"https:\/\/www.krajskakniznicazilina.sk\/clanky\/2025\/12\/%C4%8CRM%20december.png\"><img decoding=\"async\" class=\"alignleft size-medium\" src=\"https:\/\/www.krajskakniznicazilina.sk\/clanky\/2025\/12\/%C4%8CRM%20december.png\" alt=\"plag\u00e1t\" width=\"35%\" height=\"35%\" \/><\/a>V pondelok<strong> 15. decembra 2025 o 16:00<\/strong>\u00a0V\u00e1s poz\u00fdvame do Krajskej kni\u017enice v\u00a0\u017diline na predn\u00e1\u0161ku<strong> PhDr. Vladim\u00edry Hlad\u00edkovej, PhD., MBA<\/strong> kde sa dozviete, pre\u010do digit\u00e1lne technol\u00f3gie a\u00a0soci\u00e1lne m\u00e9di\u00e1 vytv\u00e1raj\u00fa pocit, \u017ee \u010dasu je menej,\u00a0rozpt\u00fdlenia viac a ako pracuj\u00fa s na\u0161ou pozornos\u0165ou, motiv\u00e1ciou a psychickou pohodou. Jednoducho a zrozumite\u013ene n\u00e1m vysvetl\u00ed, \u010do stoj\u00ed za prokrastin\u00e1ciou a pre\u010do multitasking znie lep\u0161ie, ne\u017e funguje. \u00da\u010dastn\u00ed\u010dky a\u00a0\u00fa\u010dastn\u00edci porozumej\u00fa sp\u00f4sobom, ak\u00fdmi digit\u00e1lne podnety formuj\u00fa na\u0161e myslenie, medzi\u013eudsk\u00e9 vz\u0165ahy a\u00a0bud\u00fa prezentovan\u00e9 aj praktick\u00e9 techniky na obnovu rovnov\u00e1hy, s\u00fastredenia a zdrav\u00fdch digit\u00e1lnych n\u00e1vykov. Z\u00e1ver sa bude venova\u0165 digit\u00e1lnemu dobru \u2013 mo\u017enostiam, ako \u010das str\u00e1ven\u00fd online premeni\u0165 nielen na z\u00e1bavu, ale aj na zmyslupln\u00e9 aktivity, ktor\u00e9 prospievaj\u00fa n\u00e1m aj okoliu.<\/p>\n<p style=\"text-align: justify;\">Predn\u00e1\u0161aj\u00faca p\u00f4sob\u00ed na Univerzite sv. Cyrila a Metoda v Trnave, kde sa venuje v\u00fdskumu digit\u00e1lnych m\u00e9di\u00ed a online komunik\u00e1cie v r\u00f4znych spolo\u010densk\u00fdch kontextoch. Zameriava sa prioritne na rizik\u00e1 virtu\u00e1lneho priestoru, medi\u00e1lnu ekol\u00f3giu a zodpovedn\u00e9 pou\u017e\u00edvanie m\u00e9di\u00ed.<\/p>\n","protected":false},"excerpt":{"rendered":"<p>V pondelok 15. decembra 2025 o 16:00\u00a0V\u00e1s poz\u00fdvame do Krajskej kni\u017enice v\u00a0\u017diline na predn\u00e1\u0161ku PhDr. Vladim\u00edry Hlad\u00edkovej, PhD., MBA kde sa dozviete, pre\u010do digit\u00e1lne technol\u00f3gie a\u00a0soci\u00e1lne m\u00e9di\u00e1 vytv\u00e1raj\u00fa pocit, \u017ee \u010dasu je menej,\u00a0rozpt\u00fdlenia viac a ako pracuj\u00fa s na\u0161ou pozornos\u0165ou, motiv\u00e1ciou a psychickou pohodou. Jednoducho a zrozumite\u013ene n\u00e1m vysvetl\u00ed, \u010do stoj\u00ed za prokrastin\u00e1ciou a pre\u010do &#8230; <a title=\"Pozornos\u0165 v\u00a0\u00e9re soci\u00e1lnych m\u00e9di\u00ed: ako technol\u00f3gie menia na\u0161e spr\u00e1vanie. A d\u00e1 sa to v\u00f4bec zmeni\u0165?\" class=\"read-more\" href=\"https:\/\/www.krajskakniznicazilina.sk\/index.php\/2025\/12\/01\/pozornost-v-ere-socialnych-medii-ako-technologie-menia-nase-spravanie-a-da-sa-to-vobec-zmenit\/\" aria-label=\"Pre\u010d\u00edtajte si viac o Pozornos\u0165 v\u00a0\u00e9re soci\u00e1lnych m\u00e9di\u00ed: ako technol\u00f3gie menia na\u0161e spr\u00e1vanie. A d\u00e1 sa to v\u00f4bec zmeni\u0165?\">\u010c\u00edta\u0165 viac<\/a><\/p>\n","protected":false},"author":1,"featured_media":0,"comment_status":"open","ping_status":"open","sticky":false,"template":"","format":"image","meta":{"footnotes":""},"categories":[1],"tags":[],"class_list":["post-16348","post","type-post","status-publish","format-image","hentry","category-oznam","post_format-post-format-image"],"_links":{"self":[{"href":"https:\/\/www.krajskakniznicazilina.sk\/index.php\/wp-json\/wp\/v2\/posts\/16348","targetHints":{"allow":["GET"]}}],"collection":[{"href":"https:\/\/www.krajskakniznicazilina.sk\/index.php\/wp-json\/wp\/v2\/posts"}],"about":[{"href":"https:\/\/www.krajskakniznicazilina.sk\/index.php\/wp-json\/wp\/v2\/types\/post"}],"author":[{"embeddable":true,"href":"https:\/\/www.krajskakniznicazilina.sk\/index.php\/wp-json\/wp\/v2\/users\/1"}],"replies":[{"embeddable":true,"href":"https:\/\/www.krajskakniznicazilina.sk\/index.php\/wp-json\/wp\/v2\/comments?post=16348"}],"version-history":[{"count":2,"href":"https:\/\/www.krajskakniznicazilina.sk\/index.php\/wp-json\/wp\/v2\/posts\/16348\/revisions"}],"predecessor-version":[{"id":16415,"href":"https:\/\/www.krajskakniznicazilina.sk\/index.php\/wp-json\/wp\/v2\/posts\/16348\/revisions\/16415"}],"wp:attachment":[{"href":"https:\/\/www.krajskakniznicazilina.sk\/index.php\/wp-json\/wp\/v2\/media?parent=16348"}],"wp:term":[{"taxonomy":"category","embeddable":true,"href":"https:\/\/www.krajskakniznicazilina.sk\/index.php\/wp-json\/wp\/v2\/categories?post=16348"},{"taxonomy":"post_tag","embeddable":true,"href":"https:\/\/www.krajskakniznicazilina.sk\/index.php\/wp-json\/wp\/v2\/tags?post=16348"}],"curies":[{"name":"wp","href":"https:\/\/api.w.org\/{rel}","templated":true}]}}