{"id":16358,"date":"2025-12-08T07:03:59","date_gmt":"2025-12-08T06:03:59","guid":{"rendered":"https:\/\/www.krajskakniznicazilina.sk\/?p=16358"},"modified":"2025-12-01T12:51:35","modified_gmt":"2025-12-01T11:51:35","slug":"to-sme-este-necitali-krakatit","status":"publish","type":"post","link":"https:\/\/www.krajskakniznicazilina.sk\/index.php\/2025\/12\/08\/to-sme-este-necitali-krakatit\/","title":{"rendered":"To sme e\u0161te ne\u010d\u00edtali &#8211; Krakatit"},"content":{"rendered":"<p style=\"text-align: justify;\"><a href=\"https:\/\/www.krajskakniznicazilina.sk\/clanky\/2026\/01\/to%20sme%20e%C5%A1te%20ne%C4%8D%C3%ADtali%201.jpg\"><img decoding=\"async\" class=\"alignright size-medium\" src=\"https:\/\/www.krajskakniznicazilina.sk\/clanky\/2026\/01\/to%20sme%20e%C5%A1te%20ne%C4%8D%C3%ADtali%201.jpg\" alt=\"plag\u00e1t\" width=\"40%\" height=\"40%\" \/><\/a>Ani knihovn\u00edci nemaj\u00fa pre\u010d\u00edtan\u00e9 v\u0161etky klasiky, no a \u010do? Zahryznime sa spolu do kn\u00edh, ktor\u00e9 by mal pozna\u0165 ka\u017ed\u00fd. Nev\u00e1haj a \u010d\u00edtaj s nami \u2013 pondelky bud\u00fa patri\u0165 klasike. <strong>Krakatit<\/strong> (K. \u010capek) objav\u00edme v pondelok\u00a0<strong>5. janu\u00e1ra o 17:00<\/strong>\u00a0v Krajskej kni\u017enici v \u017diline.<\/p>\n<p style=\"text-align: justify;\">To sme e\u0161te ne\u010d\u00edtali je nov\u00fd \u010ditate\u013esk\u00fd klub v\u00a0Krajskej kni\u017enici v\u00a0\u017diline. Aj n\u00e1m knihovn\u00edkom sa ob\u010das stane, \u017ee natraf\u00edme na klasick\u00e9 dielo, ktor\u00e9 sme si v\u017edy chceli pre\u010d\u00edta\u0165, no nikdy sme si nena\u0161li \u010das. Nov\u00fd klub je v\u00fdzvou pre n\u00e1s aj pre v\u00e1s, aby sme sa vr\u00e1tili ku klasick\u00fdm dielam a\u00a0nanovo objavili ich kr\u00e1su a\u00a0t\u00e9my, ktor\u00e9 prin\u00e1\u0161aj\u00fa. Pre\u010d\u00edtajte si knihu a\u00a0pr\u00ed\u010fte sa s\u00a0nami o\u00a0nej porozpr\u00e1va\u0165 v\u017edy v\u00a0prv\u00fd pondelok v\u00a0mesiaci o\u00a017:00.<\/p>\n","protected":false},"excerpt":{"rendered":"<p>Ani knihovn\u00edci nemaj\u00fa pre\u010d\u00edtan\u00e9 v\u0161etky klasiky, no a \u010do? Zahryznime sa spolu do kn\u00edh, ktor\u00e9 by mal pozna\u0165 ka\u017ed\u00fd. Nev\u00e1haj a \u010d\u00edtaj s nami \u2013 pondelky bud\u00fa patri\u0165 klasike. Krakatit (K. \u010capek) objav\u00edme v pondelok\u00a05. janu\u00e1ra o 17:00\u00a0v Krajskej kni\u017enici v \u017diline. To sme e\u0161te ne\u010d\u00edtali je nov\u00fd \u010ditate\u013esk\u00fd klub v\u00a0Krajskej kni\u017enici v\u00a0\u017diline. Aj n\u00e1m &#8230; <a title=\"To sme e\u0161te ne\u010d\u00edtali &#8211; Krakatit\" class=\"read-more\" href=\"https:\/\/www.krajskakniznicazilina.sk\/index.php\/2025\/12\/08\/to-sme-este-necitali-krakatit\/\" aria-label=\"Pre\u010d\u00edtajte si viac o To sme e\u0161te ne\u010d\u00edtali &#8211; Krakatit\">\u010c\u00edta\u0165 viac<\/a><\/p>\n","protected":false},"author":1,"featured_media":0,"comment_status":"open","ping_status":"open","sticky":false,"template":"","format":"image","meta":{"footnotes":""},"categories":[23,12,46,81],"tags":[],"class_list":["post-16358","post","type-post","status-publish","format-image","hentry","category-klub","category-podujatie","category-tip-na-knihu","category-vybrane-z-regalu","post_format-post-format-image"],"_links":{"self":[{"href":"https:\/\/www.krajskakniznicazilina.sk\/index.php\/wp-json\/wp\/v2\/posts\/16358","targetHints":{"allow":["GET"]}}],"collection":[{"href":"https:\/\/www.krajskakniznicazilina.sk\/index.php\/wp-json\/wp\/v2\/posts"}],"about":[{"href":"https:\/\/www.krajskakniznicazilina.sk\/index.php\/wp-json\/wp\/v2\/types\/post"}],"author":[{"embeddable":true,"href":"https:\/\/www.krajskakniznicazilina.sk\/index.php\/wp-json\/wp\/v2\/users\/1"}],"replies":[{"embeddable":true,"href":"https:\/\/www.krajskakniznicazilina.sk\/index.php\/wp-json\/wp\/v2\/comments?post=16358"}],"version-history":[{"count":1,"href":"https:\/\/www.krajskakniznicazilina.sk\/index.php\/wp-json\/wp\/v2\/posts\/16358\/revisions"}],"predecessor-version":[{"id":16359,"href":"https:\/\/www.krajskakniznicazilina.sk\/index.php\/wp-json\/wp\/v2\/posts\/16358\/revisions\/16359"}],"wp:attachment":[{"href":"https:\/\/www.krajskakniznicazilina.sk\/index.php\/wp-json\/wp\/v2\/media?parent=16358"}],"wp:term":[{"taxonomy":"category","embeddable":true,"href":"https:\/\/www.krajskakniznicazilina.sk\/index.php\/wp-json\/wp\/v2\/categories?post=16358"},{"taxonomy":"post_tag","embeddable":true,"href":"https:\/\/www.krajskakniznicazilina.sk\/index.php\/wp-json\/wp\/v2\/tags?post=16358"}],"curies":[{"name":"wp","href":"https:\/\/api.w.org\/{rel}","templated":true}]}}