{"id":16366,"date":"2025-12-03T07:12:36","date_gmt":"2025-12-03T06:12:36","guid":{"rendered":"https:\/\/www.krajskakniznicazilina.sk\/?p=16366"},"modified":"2025-12-03T09:02:08","modified_gmt":"2025-12-03T08:02:08","slug":"tvorivy-klub-macrame-ozdoba-na-vianocny-stromcek","status":"publish","type":"post","link":"https:\/\/www.krajskakniznicazilina.sk\/index.php\/2025\/12\/03\/tvorivy-klub-macrame-ozdoba-na-vianocny-stromcek\/","title":{"rendered":"Tvoriv\u00fd klub &#8211; Macram\u00e9 ozdoba na viano\u010dn\u00fd strom\u010dek"},"content":{"rendered":"<p style=\"text-align: justify;\"><a href=\"https:\/\/www.krajskakniznicazilina.sk\/clanky\/2025\/12\/Tvoriv%C3%BD%20klub%202.jpg\"><img decoding=\"async\" class=\"alignright size-medium\" src=\"https:\/\/www.krajskakniznicazilina.sk\/clanky\/2025\/12\/Tvoriv%C3%BD%20klub%202.jpg\" alt=\"plag\u00e1t\" width=\"40%\" height=\"40%\" \/><\/a>Spolo\u010dne si vyrob\u00edme ozdobu, nau\u010d\u00edme sa z\u00e1kladn\u00e9 uzl\u00edky techniky macram\u00e9 a v\u00fdsledkom bude vlastnoru\u010dne vyroben\u00e1 viano\u010dn\u00e1 ozdoba, ktor\u00e1 z\u00fatuln\u00ed v\u00e1\u0161 domov, alebo m\u00f4\u017ee pote\u0161i\u0165 ako ru\u010dne vyroben\u00fd dar\u010dek. Te\u0161\u00edme sa na v\u00e1s vo \u0161tvrtok <strong>11. decembra o 13.45<\/strong> v Krajskej kni\u017enici v \u017diline. Podujatie je vhodn\u00e9 pre v\u0161etk\u00fdch z\u00e1ujemcov od 12 rokov. Podmienkou je platn\u00fd \u010ditate\u013esk\u00fd preukaz do Krajskej kni\u017enice \u017dilina. Poplatok za materi\u00e1l\u00a0<strong>3\u20ac<\/strong>. Je potren\u00e9 sa vopred prihl\u00e1si\u0165 e-mailom: <a href=\"mailto:tvorivedielne@krajskakniznicazilina.sk\">tvorivedielne@krajskakniznicazilina.sk<\/a><\/p>\n<p style=\"text-align: justify;\">\n","protected":false},"excerpt":{"rendered":"<p>Spolo\u010dne si vyrob\u00edme ozdobu, nau\u010d\u00edme sa z\u00e1kladn\u00e9 uzl\u00edky techniky macram\u00e9 a v\u00fdsledkom bude vlastnoru\u010dne vyroben\u00e1 viano\u010dn\u00e1 ozdoba, ktor\u00e1 z\u00fatuln\u00ed v\u00e1\u0161 domov, alebo m\u00f4\u017ee pote\u0161i\u0165 ako ru\u010dne vyroben\u00fd dar\u010dek. Te\u0161\u00edme sa na v\u00e1s vo \u0161tvrtok 11. decembra o 13.45 v Krajskej kni\u017enici v \u017diline. Podujatie je vhodn\u00e9 pre v\u0161etk\u00fdch z\u00e1ujemcov od 12 rokov. Podmienkou je platn\u00fd &#8230; <a title=\"Tvoriv\u00fd klub &#8211; Macram\u00e9 ozdoba na viano\u010dn\u00fd strom\u010dek\" class=\"read-more\" href=\"https:\/\/www.krajskakniznicazilina.sk\/index.php\/2025\/12\/03\/tvorivy-klub-macrame-ozdoba-na-vianocny-stromcek\/\" aria-label=\"Pre\u010d\u00edtajte si viac o Tvoriv\u00fd klub &#8211; Macram\u00e9 ozdoba na viano\u010dn\u00fd strom\u010dek\">\u010c\u00edta\u0165 viac<\/a><\/p>\n","protected":false},"author":1,"featured_media":0,"comment_status":"open","ping_status":"open","sticky":false,"template":"","format":"image","meta":{"footnotes":""},"categories":[23,12,37],"tags":[],"class_list":["post-16366","post","type-post","status-publish","format-image","hentry","category-klub","category-podujatie","category-tvorivy-klub","post_format-post-format-image"],"_links":{"self":[{"href":"https:\/\/www.krajskakniznicazilina.sk\/index.php\/wp-json\/wp\/v2\/posts\/16366","targetHints":{"allow":["GET"]}}],"collection":[{"href":"https:\/\/www.krajskakniznicazilina.sk\/index.php\/wp-json\/wp\/v2\/posts"}],"about":[{"href":"https:\/\/www.krajskakniznicazilina.sk\/index.php\/wp-json\/wp\/v2\/types\/post"}],"author":[{"embeddable":true,"href":"https:\/\/www.krajskakniznicazilina.sk\/index.php\/wp-json\/wp\/v2\/users\/1"}],"replies":[{"embeddable":true,"href":"https:\/\/www.krajskakniznicazilina.sk\/index.php\/wp-json\/wp\/v2\/comments?post=16366"}],"version-history":[{"count":4,"href":"https:\/\/www.krajskakniznicazilina.sk\/index.php\/wp-json\/wp\/v2\/posts\/16366\/revisions"}],"predecessor-version":[{"id":16372,"href":"https:\/\/www.krajskakniznicazilina.sk\/index.php\/wp-json\/wp\/v2\/posts\/16366\/revisions\/16372"}],"wp:attachment":[{"href":"https:\/\/www.krajskakniznicazilina.sk\/index.php\/wp-json\/wp\/v2\/media?parent=16366"}],"wp:term":[{"taxonomy":"category","embeddable":true,"href":"https:\/\/www.krajskakniznicazilina.sk\/index.php\/wp-json\/wp\/v2\/categories?post=16366"},{"taxonomy":"post_tag","embeddable":true,"href":"https:\/\/www.krajskakniznicazilina.sk\/index.php\/wp-json\/wp\/v2\/tags?post=16366"}],"curies":[{"name":"wp","href":"https:\/\/api.w.org\/{rel}","templated":true}]}}