{"id":16373,"date":"2025-12-03T09:43:54","date_gmt":"2025-12-03T08:43:54","guid":{"rendered":"https:\/\/www.krajskakniznicazilina.sk\/?p=16373"},"modified":"2025-12-03T09:43:54","modified_gmt":"2025-12-03T08:43:54","slug":"vianocny-koncert-v-kniznici-2","status":"publish","type":"post","link":"https:\/\/www.krajskakniznicazilina.sk\/index.php\/2025\/12\/03\/vianocny-koncert-v-kniznici-2\/","title":{"rendered":"Viano\u010dn\u00fd koncert v kni\u017enici"},"content":{"rendered":"<p style=\"text-align: justify;\"><a href=\"https:\/\/www.krajskakniznicazilina.sk\/clanky\/2025\/12\/viano%C4%8Dn%C3%BD%20koncert.jpg\"><img decoding=\"async\" class=\"alignleft size-medium\" src=\"https:\/\/www.krajskakniznicazilina.sk\/clanky\/2025\/12\/viano%C4%8Dn%C3%BD%20koncert.jpg\" alt=\"plag\u00e1t\" width=\"40%\" height=\"40%\" \/><\/a>Spev\u00e1cky zbor M\u00e1j mesta \u017diliny srde\u010dne poz\u00fdva na viano\u010dn\u00fd koncert, ktor\u00fd sa uskuto\u010dn\u00ed v piatok <strong>12. decembra o 16:00<\/strong> v Krajskej kni\u017enici v \u017diline. Zbor bol zalo\u017een\u00fd v roku 1984 pod hlavi\u010dkou Ob\u010dianskeho v\u00fdboru na Hlin\u00e1ch VI v \u017diline. Zbor zalo\u017eil Cyril Poljak. Za dva roky od svojho vzniku z\u00edskal zbor diplom na S\u00fa\u0165a\u017ei mie\u0161an\u00fdch zborov v Banskej Bystrici za III. P\u00e1smo. Po tomto \u00faspechu bol zbor uveden\u00fd pod PKO \u017dilina pod n\u00e1zvom Spev\u00e1cky zbor M\u00e1j, ktor\u00fd nesie a\u017e dodnes. Po\u010das svojho p\u00f4sobenia bol zbor ocenen\u00fd u n\u00e1s i v zahrani\u010d\u00ed. Od roku 1997 je zria\u010fovate\u013eom zboru M\u00e1j Mestsk\u00fd \u00farad v \u017diline a doteraz \u00fa\u010dinkuje pod hlavi\u010dkou Spev\u00e1cky zbor M\u00e1j mesta \u017diliny.<\/p>\n","protected":false},"excerpt":{"rendered":"<p>Spev\u00e1cky zbor M\u00e1j mesta \u017diliny srde\u010dne poz\u00fdva na viano\u010dn\u00fd koncert, ktor\u00fd sa uskuto\u010dn\u00ed v piatok 12. decembra o 16:00 v Krajskej kni\u017enici v \u017diline. Zbor bol zalo\u017een\u00fd v roku 1984 pod hlavi\u010dkou Ob\u010dianskeho v\u00fdboru na Hlin\u00e1ch VI v \u017diline. Zbor zalo\u017eil Cyril Poljak. Za dva roky od svojho vzniku z\u00edskal zbor diplom na S\u00fa\u0165a\u017ei mie\u0161an\u00fdch &#8230; <a title=\"Viano\u010dn\u00fd koncert v kni\u017enici\" class=\"read-more\" href=\"https:\/\/www.krajskakniznicazilina.sk\/index.php\/2025\/12\/03\/vianocny-koncert-v-kniznici-2\/\" aria-label=\"Pre\u010d\u00edtajte si viac o Viano\u010dn\u00fd koncert v kni\u017enici\">\u010c\u00edta\u0165 viac<\/a><\/p>\n","protected":false},"author":1,"featured_media":0,"comment_status":"open","ping_status":"open","sticky":false,"template":"","format":"image","meta":{"footnotes":""},"categories":[12],"tags":[],"class_list":["post-16373","post","type-post","status-publish","format-image","hentry","category-podujatie","post_format-post-format-image"],"_links":{"self":[{"href":"https:\/\/www.krajskakniznicazilina.sk\/index.php\/wp-json\/wp\/v2\/posts\/16373","targetHints":{"allow":["GET"]}}],"collection":[{"href":"https:\/\/www.krajskakniznicazilina.sk\/index.php\/wp-json\/wp\/v2\/posts"}],"about":[{"href":"https:\/\/www.krajskakniznicazilina.sk\/index.php\/wp-json\/wp\/v2\/types\/post"}],"author":[{"embeddable":true,"href":"https:\/\/www.krajskakniznicazilina.sk\/index.php\/wp-json\/wp\/v2\/users\/1"}],"replies":[{"embeddable":true,"href":"https:\/\/www.krajskakniznicazilina.sk\/index.php\/wp-json\/wp\/v2\/comments?post=16373"}],"version-history":[{"count":1,"href":"https:\/\/www.krajskakniznicazilina.sk\/index.php\/wp-json\/wp\/v2\/posts\/16373\/revisions"}],"predecessor-version":[{"id":16374,"href":"https:\/\/www.krajskakniznicazilina.sk\/index.php\/wp-json\/wp\/v2\/posts\/16373\/revisions\/16374"}],"wp:attachment":[{"href":"https:\/\/www.krajskakniznicazilina.sk\/index.php\/wp-json\/wp\/v2\/media?parent=16373"}],"wp:term":[{"taxonomy":"category","embeddable":true,"href":"https:\/\/www.krajskakniznicazilina.sk\/index.php\/wp-json\/wp\/v2\/categories?post=16373"},{"taxonomy":"post_tag","embeddable":true,"href":"https:\/\/www.krajskakniznicazilina.sk\/index.php\/wp-json\/wp\/v2\/tags?post=16373"}],"curies":[{"name":"wp","href":"https:\/\/api.w.org\/{rel}","templated":true}]}}