{"id":16376,"date":"2025-12-03T11:08:10","date_gmt":"2025-12-03T10:08:10","guid":{"rendered":"https:\/\/www.krajskakniznicazilina.sk\/?p=16376"},"modified":"2025-12-03T11:08:10","modified_gmt":"2025-12-03T10:08:10","slug":"vysledky-sutaze-literarna-cena-janka-fratrika-2025-10-rocnik","status":"publish","type":"post","link":"https:\/\/www.krajskakniznicazilina.sk\/index.php\/2025\/12\/03\/vysledky-sutaze-literarna-cena-janka-fratrika-2025-10-rocnik\/","title":{"rendered":"V\u00fdsledky s\u00fa\u0165a\u017ee Liter\u00e1rna cena Janka Fr\u00e1trika 2025 \u2013 10. ro\u010dn\u00edk"},"content":{"rendered":"<p style=\"text-align: justify;\"><a href=\"https:\/\/www.krajskakniznicazilina.sk\/clanky\/2025\/12\/LCJF.jpg\"><img decoding=\"async\" class=\"alignright size-medium\" src=\"https:\/\/www.krajskakniznicazilina.sk\/clanky\/2025\/12\/LCJF.jpg\" alt=\"plag\u00e1t\" width=\"40%\" height=\"40%\" \/><\/a>\u010eakujeme v\u0161etk\u00fdm \u00fa\u010dastn\u00edkom, ktor\u00ed sa do s\u00fa\u0165a\u017ee Liter\u00e1rna cena Janka Fr\u00e1trika 2025 zapojili. Svoje liter\u00e1rne pr\u00e1ce zaslalo 108 \u017eiakov a\u00a0\u0161tudentov. Liter\u00e1rne pr\u00e1ce boli rozdelen\u00e9 do dvoch skup\u00edn:<\/p>\n<ol style=\"text-align: justify;\">\n<li>skupina: pr\u00e1ce \u017eiakov z\u00e1kladn\u00fdch a\u00a0\u0161tudentov stredn\u00fdch \u0161k\u00f4l \/v III. kateg\u00f3rii aj \u0161tudenti z\u00e1kladn\u00fdch umeleck\u00fdch \u0161k\u00f4l\/<\/li>\n<li>skupina: pr\u00e1ce \u017eiakov nav\u0161tevuj\u00facich z\u00e1kladn\u00e9 umeleck\u00e9 \u0161koly<\/li>\n<\/ol>\n<p><!--more--><\/p>\n<p style=\"text-align: justify;\">V\u00a01. skupine &#8211; v r\u00e1mci I. kateg\u00f3rie \/5. a\u00a06. ro\u010dn\u00edk Z\u0160\/ sme dostali 21 liter\u00e1rnych pr\u00e1c<\/p>\n<ul style=\"text-align: justify;\">\n<li>v r\u00e1mci II. kateg\u00f3rie \/7. &#8211; 9. ro\u010dn\u00edk Z\u0160 \/ sme dostali 40 liter\u00e1rnych pr\u00e1c<\/li>\n<li>v r\u00e1mci III. kateg\u00f3rie \/\u0161tudenti stredn\u00fdch \u0161k\u00f4l a \u0161tudenti nav\u0161tevuj\u00faci<br \/>\numeleck\u00e9 \u0161koly\/ sme dostali 36 liter\u00e1rnych pr\u00e1c<\/li>\n<\/ul>\n<p style=\"text-align: justify;\">V\u00a02. skupine \/\u017eiaci z\u00e1kladn\u00fdch umeleck\u00fdch \u0161k\u00f4l\/<\/p>\n<ul style=\"text-align: justify;\">\n<li>v r\u00e1mci I. kateg\u00f3rie \/5. a 6. ro\u010dn\u00edk Z\u0160\/ sme dostali 3 liter\u00e1rne pr\u00e1ce<\/li>\n<li>v r\u00e1mci II. kateg\u00f3rie \/7. &#8211; 9. ro\u010dn\u00edk Z\u0160 \/ sme dostali 8 liter\u00e1rnych pr\u00e1c<\/li>\n<\/ul>\n<p style=\"text-align: justify;\">Na n\u00e1vrh odbornej komisie 2. a 3. miesto v 2. skupine &#8211; I. kateg\u00f3ria nebolo udelen\u00e9. V\u00a0III. kateg\u00f3rii \/1. skupina\/ komisia udelila jedno osobitn\u00e9 ocenenie.<\/p>\n<p style=\"text-align: justify;\">Pr\u00e1ce hodnotila odborn\u00e1 komisia v zlo\u017een\u00ed: Jana Zurovacov\u00e1, autorka a\u00a0spoluautorka liter\u00e1rnych projektov a s\u00fa\u0165a\u017e\u00ed, Milo\u0161 Zvr\u0161kovec, b\u00e1snik a\u00a0spisovate\u013e, Michal V\u00e1clav\u00edk pedag\u00f3g, ved\u00faci Klubu fantastickej literat\u00fary a\u00a0tvoriv\u00e9ho p\u00edsania pri Krajskej kni\u017enici v\u00a0\u017diline.<\/p>\n<p style=\"text-align: justify;\"><strong>1. skupina \u2013 \u017eiaci z\u00e1kladn\u00fdch a \u0161tudenti stredn\u00fdch \u0161k\u00f4l<\/strong>\u00a0\/v III. kateg\u00f3rii aj \u0161tudenti z\u00e1kladn\u00fdch umeleck\u00fdch \u0161k\u00f4l\/<\/p>\n<p style=\"text-align: justify;\">I. kateg\u00f3ria 5.-6. ro\u010dn\u00edk Z\u0160, ro\u010dn\u00edk pr\u00edma osemro\u010dn\u00fdch gymn.\/<\/p>\n<ol style=\"text-align: justify;\">\n<li>miesto: <strong>Vanesa Rusn\u00e1kov\u00e1<\/strong>, CZ\u0160 sv. apo\u0161tola Pavla, Siheln\u00e9<\/li>\n<li>miesto: <strong>Krist\u00edna Odnogov\u00e1<\/strong>, Z\u0160 s M\u0160 E. A. Cernana, Vysok\u00e1 nad Kysucou<\/li>\n<li>miesto: <strong>S\u00e1ra Kri\u017eov\u00e1<\/strong>, Spojen\u00e1 \u0161kola, Oslobodenia 165, Bel\u00e1<\/li>\n<\/ol>\n<p style=\"text-align: justify;\">II. kateg\u00f3ria \/7.-9. ro\u010dn\u00edk Z\u0160, ro\u010dn\u00edk sekunda, tercia, kvarta osemro\u010d. gymn.\/<\/p>\n<ol style=\"text-align: justify;\">\n<li>miesto: <strong>Timea Waczlavov\u00e1<\/strong>, Z\u0160 Limbov\u00e1, \u017dilina<\/li>\n<li>miesto: <strong>Rastislav Lacko<\/strong>, Z\u0160 Limbov\u00e1, \u017dilina<\/li>\n<li>miesto: <strong>Nela Ondr\u00edkov\u00e1<\/strong>, Z\u0160 s\u00a0M\u0160, \u0160kolsk\u00e1 339, Va\u017eec<\/li>\n<\/ol>\n<p style=\"text-align: justify;\">III. kateg\u00f3ria \/\u0161tudenti stredn\u00fdch \u0161k\u00f4l\/<\/p>\n<ol style=\"text-align: justify;\">\n<li>miesto: <strong>Lenka Starinsk\u00e1<\/strong>, ZU\u0160 J. Melkovi\u010da, Okru\u017en\u00e1 9, Star\u00e1 \u013dubov\u0148a<\/li>\n<li>miesto: <strong>Martin Rotter<\/strong>, Gymn\u00e1zium sv. Franti\u0161ka z\u00a0Assisi, \u017dilina<\/li>\n<li>miesto: <strong>Kl\u00e1ra Kozov\u00e1<\/strong>, Obchodn\u00e1 akad\u00e9mia D.M. Janotu, \u010cadca<\/li>\n<\/ol>\n<p style=\"text-align: justify;\">\u010cestn\u00e9 uznanie \/III. kateg\u00f3ria\/:<\/p>\n<ul style=\"text-align: justify;\">\n<li><strong>Nelly Pavel\u010d\u00e1kov\u00e1<\/strong>, ZU\u0160 J.Melkovi\u010da, Okru\u017en\u00e1 9, Star\u00e1<br \/>\n\u013dubov\u0148a<\/li>\n<\/ul>\n<p style=\"text-align: justify;\"><strong>2. skupina \u2013 \u017eiaci z\u00e1kladn\u00fdch umeleck\u00fdch \u0161k\u00f4l<\/strong><\/p>\n<p style=\"text-align: justify;\">I.kateg\u00f3ria \/ 5.-6. ro\u010dn\u00edk Z\u0160 nav\u0161tevuj\u00faci ZU\u0160\/<\/p>\n<ol style=\"text-align: justify;\">\n<li>miesto: <strong>Petronela Konko\u013eov\u00e1<\/strong>, ZU\u0160 J. Melkovi\u010da, Okru\u017en\u00e1 9, Star\u00e1 \u013dubov\u0148a<\/li>\n<li>miesto: neudelen\u00e9<\/li>\n<li>miesto: neudelen\u00e9<\/li>\n<\/ol>\n<p style=\"text-align: justify;\">II. kateg\u00f3ria \/7.-9. ro\u010dn\u00edk Z\u0160 nav\u0161tevuj\u00faci ZU\u0160\/<\/p>\n<ol style=\"text-align: justify;\">\n<li>miesto: <strong>Maxim Jozef Pisar\u010d\u00edk<\/strong>, ZU\u0160 J. Melkovi\u010da, Okru\u017en\u00e1 9, Star\u00e1 \u013dubov\u0148a<\/li>\n<li>miesto: <strong>Izabela Bibzov\u00e1<\/strong>, ZU\u0160 J. Melkovi\u010da, Okru\u017en\u00e1 9, Star\u00e1 \u013dubov\u0148a<\/li>\n<li>miesto: <strong>Ane\u017eka \u0160\u010durkov\u00e1<\/strong>, ZU\u0160 J. Melkovi\u010da, Okru\u017en\u00e1 9, Star\u00e1 \u013dubov\u0148a<\/li>\n<\/ol>\n<p style=\"text-align: justify;\">V\u00ed\u0165azom srde\u010dne blaho\u017eel\u00e1me!\u00a0Po\u010fakovanie patr\u00ed aj v\u0161etk\u00fdm, ktor\u00ed ocenen\u00ed neboli, ale liter\u00e1rne pr\u00e1ce zaslali. \u010eakujeme aj v\u0161etk\u00fdm pedag\u00f3gom, ktor\u00ed s\u00fa\u0165a\u017e na \u0161kol\u00e1ch propaguj\u00fa a organiza\u010dne zabezpe\u010duj\u00fa.<\/p>\n<p style=\"text-align: justify;\">Sl\u00e1vnostn\u00e9 odovzdanie ocenen\u00ed bude <strong>8.12. 2025 o\u00a013.00<\/strong> hod. v Krajskej kni\u017enici v \u017diline.\u00a0Na odovzdanie ste pozvan\u00ed v\u0161etci, ktor\u00ed ste svoje pr\u00e1ce zaslali, bez oh\u013eadu na to, \u010di ste ocenenie z\u00edskali. (Pros\u00edme, aby ste n\u00e1m do 5. decembra 2025 (do 12.00 hod.) zaslali po\u010dty det\u00ed a \u0161tudentov, ktor\u00e9 sa odovzd\u00e1vania z\u00fa\u010dastnia. Vopred V\u00e1m \u010fakujeme a\u00a0te\u0161\u00edme sa na stretnutie v\u00a0Krajskej kni\u017enici v\u00a0\u017diline.<\/p>\n","protected":false},"excerpt":{"rendered":"<p>\u010eakujeme v\u0161etk\u00fdm \u00fa\u010dastn\u00edkom, ktor\u00ed sa do s\u00fa\u0165a\u017ee Liter\u00e1rna cena Janka Fr\u00e1trika 2025 zapojili. Svoje liter\u00e1rne pr\u00e1ce zaslalo 108 \u017eiakov a\u00a0\u0161tudentov. Liter\u00e1rne pr\u00e1ce boli rozdelen\u00e9 do dvoch skup\u00edn: skupina: pr\u00e1ce \u017eiakov z\u00e1kladn\u00fdch a\u00a0\u0161tudentov stredn\u00fdch \u0161k\u00f4l \/v III. kateg\u00f3rii aj \u0161tudenti z\u00e1kladn\u00fdch umeleck\u00fdch \u0161k\u00f4l\/ skupina: pr\u00e1ce \u017eiakov nav\u0161tevuj\u00facich z\u00e1kladn\u00e9 umeleck\u00e9 \u0161koly<\/p>\n","protected":false},"author":1,"featured_media":0,"comment_status":"open","ping_status":"open","sticky":false,"template":"","format":"image","meta":{"footnotes":""},"categories":[50,16],"tags":[],"class_list":["post-16376","post","type-post","status-publish","format-image","hentry","category-literarna-cena-janka-fratrika","category-sutaz","post_format-post-format-image"],"_links":{"self":[{"href":"https:\/\/www.krajskakniznicazilina.sk\/index.php\/wp-json\/wp\/v2\/posts\/16376","targetHints":{"allow":["GET"]}}],"collection":[{"href":"https:\/\/www.krajskakniznicazilina.sk\/index.php\/wp-json\/wp\/v2\/posts"}],"about":[{"href":"https:\/\/www.krajskakniznicazilina.sk\/index.php\/wp-json\/wp\/v2\/types\/post"}],"author":[{"embeddable":true,"href":"https:\/\/www.krajskakniznicazilina.sk\/index.php\/wp-json\/wp\/v2\/users\/1"}],"replies":[{"embeddable":true,"href":"https:\/\/www.krajskakniznicazilina.sk\/index.php\/wp-json\/wp\/v2\/comments?post=16376"}],"version-history":[{"count":4,"href":"https:\/\/www.krajskakniznicazilina.sk\/index.php\/wp-json\/wp\/v2\/posts\/16376\/revisions"}],"predecessor-version":[{"id":16380,"href":"https:\/\/www.krajskakniznicazilina.sk\/index.php\/wp-json\/wp\/v2\/posts\/16376\/revisions\/16380"}],"wp:attachment":[{"href":"https:\/\/www.krajskakniznicazilina.sk\/index.php\/wp-json\/wp\/v2\/media?parent=16376"}],"wp:term":[{"taxonomy":"category","embeddable":true,"href":"https:\/\/www.krajskakniznicazilina.sk\/index.php\/wp-json\/wp\/v2\/categories?post=16376"},{"taxonomy":"post_tag","embeddable":true,"href":"https:\/\/www.krajskakniznicazilina.sk\/index.php\/wp-json\/wp\/v2\/tags?post=16376"}],"curies":[{"name":"wp","href":"https:\/\/api.w.org\/{rel}","templated":true}]}}