{"id":16383,"date":"2025-12-03T15:21:39","date_gmt":"2025-12-03T14:21:39","guid":{"rendered":"https:\/\/www.krajskakniznicazilina.sk\/?p=16383"},"modified":"2025-12-10T08:52:07","modified_gmt":"2025-12-10T07:52:07","slug":"zamer-a-podmienky-priameho-najmu-majetku-zsk-c-1-kkza-2025","status":"publish","type":"post","link":"https:\/\/www.krajskakniznicazilina.sk\/index.php\/2025\/12\/03\/zamer-a-podmienky-priameho-najmu-majetku-zsk-c-1-kkza-2025\/","title":{"rendered":"Z\u00e1mer a podmienky priameho n\u00e1jmu majetku \u017dSK \u010d. 1\/KKZA\/2025"},"content":{"rendered":"<p style=\"text-align: justify;\"><strong><u>Z\u00c1MER A PODMIENKY priameho n\u00e1jmu majetku \u017dilinsk\u00e9ho samospr\u00e1vneho kraja <\/u><\/strong><strong><u>\u010d. 1\/KKZA\/2025, ktor\u00fd je v spr\u00e1ve Krajskej kni\u017enice v \u017diline <\/u><\/strong><\/p>\n<p style=\"text-align: justify;\"><strong>Krajsk\u00e1 kni\u017enica v \u017diline, Antona Bernol\u00e1ka 47, 011 77 \u017dilina <\/strong><strong>v\u00a0zria\u010fovate\u013eskej p\u00f4sobnosti \u017dilinsk\u00e9ho samospr\u00e1vneho kraja, Komensk\u00e9ho 48, 011 09 \u017dilina<\/strong><\/p>\n<p style=\"text-align: justify;\">(\u010falej len \u201evyhlasovate\u013e&#8220;)<\/p>\n<p style=\"text-align: justify;\">pod\u013ea \u00a7 9a ods. 9 z\u00e1kona \u010d. 446\/2001 Z. z. o majetku vy\u0161\u0161\u00edch \u00fazemn\u00fdch celkov v znen\u00ed neskor\u0161\u00edch predpisov a\u00a0pod\u013ea Z\u00e1sad hospod\u00e1renia a\u00a0nakladania s\u00a0majetkom \u017dilinsk\u00e9ho samospr\u00e1vneho kraja v\u00a0platnom znen\u00ed (\u201e\u010falej len Z\u00e1sady\u201c) <strong>zverej\u0148uje z\u00e1mer prenaja\u0165 do\u010dasne prebyto\u010dn\u00fd majetok<\/strong> <strong>formou priameho n\u00e1jmu.<\/strong><\/p>\n<p><strong>1. Predmetom n\u00e1jmu je:<\/strong><\/p>\n<p style=\"text-align: justify;\"><strong>1.1 <\/strong>nebytov\u00fd priestor (\u010das\u0165 prev\u00e1dzkovej plochy a z\u00e1zemia Krajskej kni\u017enice v\u00a0\u017diline na pr\u00edzem\u00ed budovy) o\u00a0v\u00fdmere 35 m<sup>2<\/sup>, nach\u00e1dzaj\u00faci sa na pr\u00edzem\u00ed stavby so s\u00fapisn\u00fdm \u010d\u00edslom 3481, ktor\u00e1 je postaven\u00e1 na pozemku parc. KN\u2013C \u010d. 6612\/4, zap\u00edsan\u00e1 na liste vlastn\u00edctva \u010d. 1430 pre kat. \u00fazemie \u017dilina.<\/p>\n<p style=\"text-align: justify;\">pozn. Predmetom n\u00e1jmu nie je hnute\u013en\u00fd majetok prenaj\u00edmate\u013ea nach\u00e1dzaj\u00faci sa v objekte.<\/p>\n<p style=\"text-align: justify;\"><strong><u>2. Podmienky priameho n\u00e1jmu:<\/u><\/strong><\/p>\n<p style=\"text-align: justify;\"><strong>2.1 \u00da\u010del n\u00e1jmu: <\/strong>prev\u00e1dzka bufetu<\/p>\n<p style=\"text-align: justify;\"><strong>2.2 Najni\u017e\u0161ia ponukov\u00e1 cena (n\u00e1jomn\u00e9) za predmet priameho n\u00e1jmu: 144,75 \u20ac\/m\u00b2\/rok <\/strong>+ \u00fahrady za slu\u017eby spojen\u00e9 s\u00a0n\u00e1jmom (energie) a\u00a0poskytovan\u00e9 slu\u017eby spojen\u00e9 s\u00a0n\u00e1jmom (upratovanie), ktor\u00e9 nie s\u00fa s\u00fa\u010das\u0165ou n\u00e1jomn\u00e9ho a\u00a0ich \u00fahrada bude osobitne dohodnut\u00e1 v\u00a0zmluve.<\/p>\n<p style=\"text-align: justify;\"><strong>2.3 Doba n\u00e1jmu:<\/strong> N\u00e1jomn\u00e1 zmluva bude uzatvoren\u00e1 na dobu <strong>ur\u010dit\u00fa<\/strong> &#8211; <strong>na tri roky <\/strong>od nadobudnutia \u00fa\u010dinnosti zmluvy.<\/p>\n<p style=\"text-align: justify;\"><strong>2.4 Lehota na doru\u010denie pon\u00fak je<\/strong> <strong>do 31.12.2025 do 12:00 hod.<\/strong> Ponuku \u017eiadame predlo\u017ei\u0165 osobne na oddelenie ekonomicko-technickej \u010dinnosti alebo v kancel\u00e1rii riadite\u013eky Krajskej kni\u017enice v \u017diline alebo doru\u010di\u0165 po\u0161tou na adresu: Krajsk\u00e1 kni\u017enica v \u017diline, Antona Bernol\u00e1ka 47, 011 77 \u017dilina tak, aby bola zaevidovan\u00e1 na oddelen\u00ed ekonomicko-technickej \u010dinnosti vyhlasovate\u013ea <strong>31.12.2025 do 12:00 hod.<\/strong><\/p>\n<p style=\"text-align: justify;\"><strong>2.5<\/strong> <strong>Uch\u00e1dza\u010d nesmie by\u0165 osobou <\/strong>v\u00a0zmysle \u00a79a odsek 6 a\u00a07 z\u00e1kona \u010d. 446\/2001 Z.z. o majetku vy\u0161\u0161\u00edch \u00fazemn\u00fdch celkov v\u00a0znen\u00ed neskor\u0161\u00edch predpisov, o\u00a0\u010dom je <strong><em><u>povinn\u00fd predlo\u017ei\u0165 p\u00edsomn\u00e9 prehl\u00e1senie ako s\u00fa\u010das\u0165 svojej ponuky.<\/u><\/em><\/strong><\/p>\n<p style=\"text-align: justify;\"><strong>2.6 Ponuka z\u00e1ujemcu mus\u00ed obsahova\u0165: <\/strong><\/p>\n<p style=\"text-align: justify;\"><strong>&#8211; pri FO: <\/strong>meno, priezvisko, rodn\u00e9 priezvisko, adresu trval\u00e9ho pobytu,<\/p>\n<p style=\"text-align: justify;\"><strong>&#8211; pri FO \u2013 podnikate\u013eovi:<\/strong> meno, priezvisko, obchodn\u00fd n\u00e1zov fyzickej osoby \u2013 podnikate\u013ea, s\u00eddlo, I\u010cO, DI\u010c, I\u010c DPH(ak je pridelen\u00e9)<\/p>\n<p style=\"text-align: justify;\"><strong>&#8211; pri PO<\/strong>: obchodn\u00e9 meno\/n\u00e1zov, pr\u00e1vnu formu, s\u00eddlo, I\u010cO, DI\u010c, I\u010c DPH (ak bolo pridelen\u00e9), doklad o\u00a0ustanoven\u00ed \u0161tatut\u00e1rneho z\u00e1stupcu kona\u0165 za PO,<\/p>\n<p style=\"text-align: justify;\">+ <strong>pon\u00faknut\u00fa cenu n\u00e1jomn\u00e9ho, sp\u00f4sob jej \u00fahrady, \u00fa\u010del vyu\u017eitia predmetu priameho n\u00e1jmu, <\/strong>prilo\u017een\u00e9 opr\u00e1vnenie na predmet \u010dinnosti napr. \u017eivnostensk\u00fd list, v\u00fdpis z obchodn\u00e9ho registra, \u010destn\u00e9 prehl\u00e1senie o finan\u010dnej situ\u00e1cii a podnikate\u013esk\u00fd z\u00e1mer (s uveden\u00edm konkr\u00e9tnych n\u00e1vrhov mo\u017enej spolupr\u00e1ce s prenaj\u00edmate\u013eom)<strong>.<\/strong><\/p>\n<p style=\"text-align: justify;\"><strong>2.7 Ponuka mus\u00ed by\u0165 v\u00a0zalepenej ob\u00e1lke ozna\u010denej heslom:<\/strong> <strong>\u201ePriamy n\u00e1jom \u010d. 1\/KKZA\/2025, NEOTV\u00c1RA\u0164\u201c.<\/strong><\/p>\n<p style=\"text-align: justify;\"><strong>Obhliadka predmetu n\u00e1jmu<\/strong> sa uskuto\u010dn\u00ed vo vopred dohodnut\u00fdch term\u00ednoch pod\u013ea z\u00e1ujmu uch\u00e1dza\u010dov tak, \u017ee uch\u00e1dza\u010d nahl\u00e1si svoj z\u00e1ujem o miestnu obhliadku predmetu n\u00e1jmu p\u00edsomne na emailov\u00fa adresu: berthotyova@krajskakniznicazilina.sk, pr\u00edpadne tel.: 041\/7232745<\/p>\n<p style=\"text-align: justify;\"><strong>2.8<\/strong> Ka\u017ed\u00fd z\u00e1ujemca je opr\u00e1vnen\u00fd obozn\u00e1mi\u0165 sa s\u00a0identifika\u010dn\u00fdmi \u00fadajmi predmetu n\u00e1jmu (list vlastn\u00edctva, pr\u00edpadne in\u00e9 p\u00edsomnosti a skuto\u010dnosti via\u017euce sa k\u00a0predmetu n\u00e1jmu) priamo na adrese vyhlasovate\u013ea, u\u00a0kontaktnej osoby: Mgr. Anna Berthotyov\u00e1, tel.: 041\/7232745. Z\u00e1mer a\u00a0podmienky priameho n\u00e1jmu majetku \u017dilinsk\u00e9ho samospr\u00e1vneho kraja pre uch\u00e1dza\u010dov s\u00fa uverejnen\u00e9 na \u00faradnej tabuli v\u00a0s\u00eddle vyhlasovate\u013ea, na webov\u00fdch str\u00e1nkach <a href=\"http:\/\/www.zilinskazupa.sk\">www.zilinskazupa.sk<\/a> a\u00a0<a href=\"http:\/\/www.krajskakniznicazilina.sk\">www.krajskakniznicazilina.sk<\/a>.<\/p>\n<p style=\"text-align: justify;\"><strong>2.9<\/strong> Z\u00e1ujemca sa podan\u00edm svojej ponuky zav\u00e4zuje zachov\u00e1va\u0165 ml\u010danlivos\u0165 o v\u0161etk\u00fdch skuto\u010dnostiach, o\u00a0ktor\u00fdch sa dozvie v\u00a0s\u00favislosti s\u00a0procesom z\u00edskavania inform\u00e1ci\u00ed oh\u013eadom priameho n\u00e1jmu.<\/p>\n<p style=\"text-align: justify;\"><strong>2.10<\/strong> Vyhlasovate\u013e si vyhradzuje pr\u00e1vo ur\u010di\u0165 pr\u00e1vnu formu realiz\u00e1cie n\u00e1jmu uzatvoren\u00edm p\u00edsomnej n\u00e1jomnej zmluvy, v\u00a0ktorej bud\u00fa uveden\u00e9 podmienky n\u00e1jmu (najm\u00e4 ozna\u010denie zmluvn\u00fdch str\u00e1n, predmet n\u00e1jmu, \u00fa\u010del n\u00e1jmu, v\u00fd\u0161ka a\u00a0splatnos\u0165 n\u00e1jomn\u00e9ho, \u00fahrada za poskytovan\u00e9 slu\u017eby spojen\u00e9 s\u00a0n\u00e1jmom, doba n\u00e1jmu, pr\u00e1va a\u00a0povinnosti zmluvn\u00fdch str\u00e1n, skon\u010denie n\u00e1jmu).<\/p>\n<p style=\"text-align: justify;\"><strong>2.11 Krit\u00e9ria hodnotenia pon\u00fak:<\/strong><\/p>\n<ul style=\"text-align: justify;\">\n<li>v\u00fd\u0161ka n\u00e1jomn\u00e9ho,<\/li>\n<li>prijate\u013enos\u0165 vyu\u017eitia predmetu n\u00e1jmu z\u00a0h\u013eadiska z\u00e1ujmov vyhlasovate\u013ea,<\/li>\n<li>hodnotenie \u010dinnosti n\u00e1jomcu zo z\u00edskan\u00fdch dostupn\u00fdch inform\u00e1cii a\u00a0zo sk\u00fasenosti a\u00a0poznatkov zo strany vyhlasovate\u013ea,<\/li>\n<li>finan\u010dn\u00e1 situ\u00e1cia n\u00e1jomcu (najm\u00e4 plnenie z\u00e1v\u00e4zkov vo\u010di prenaj\u00edmate\u013eovi, \u010di n\u00e1jomca nie je dl\u017en\u00edkom vo\u010di da\u0148ov\u00e9mu \u00faradu, pois\u0165ovniam a\u00a0pod., konkurzn\u00e9 i\u00a0exeku\u010dn\u00e9 konanie at\u010f.) \u2013 z\u00e1ujemca o\u00a0pren\u00e1jom dolo\u017e\u00ed \u010destn\u00fdm prehl\u00e1sen\u00edm,<\/li>\n<li>ekologick\u00e1 prev\u00e1dzka \u2013 minimaliz\u00e1cia odpadu, kompostovanie a\u00a0podobne,<\/li>\n<li>n\u00e1vrh ponuky ob\u010derstvenia,<\/li>\n<li>otv\u00e1racie hodiny,<\/li>\n<li>oblasti mo\u017enej spolupr\u00e1ce (z h\u013eadiska \u010dinnosti n\u00e1jomcu), ktor\u00e1 je aj v\u00a0z\u00e1ujme prenaj\u00edmate\u013ea a\u00a0\u010fal\u0161ie.<\/li>\n<\/ul>\n<p style=\"text-align: justify;\"><strong>2.12<\/strong> Vyhlasovate\u013e je opr\u00e1vnen\u00fd zmeni\u0165 alebo zru\u0161i\u0165 podmienky priameho n\u00e1jmu, pr\u00edpadne odmietnu\u0165 v\u0161etky predlo\u017een\u00e9 ponuky.<\/p>\n<p style=\"text-align: justify;\"><strong>2.13<\/strong> <strong>Vyhodnotenie predlo\u017een\u00fdch pon\u00fak<\/strong> sa vykon\u00e1 <strong>d\u0148a 31. 12. 2025 o 13:00h <\/strong>v\u00a0Krajskej kni\u017enici v\u00a0\u017diline prostredn\u00edctvom komisie (najmenej troj\u010dlenn\u00e1), ktor\u00fa zria\u010fuje Krajsk\u00e1 kni\u017enica v\u00a0\u017diline. Ka\u017ed\u00fd uch\u00e1dza\u010d m\u00e1 pr\u00e1vo z\u00fa\u010dastni\u0165 sa<br \/>\nna otv\u00e1ran\u00ed ob\u00e1lok. S v\u00ed\u0165azom predlo\u017eenej ponuky spr\u00e1vca majetku m\u00f4\u017ee uzatvori\u0165 n\u00e1jomn\u00fa zmluvu pod\u013ea v\u00ed\u0165aznej ponuky a\u00a0dohodn\u00fa\u0165 s\u00a0n\u00e1jomcom v\u00a0zmluve \u010fal\u0161ie podmienky. N\u00e1vrh n\u00e1jomnej zmluvy n\u00e1jomcovi predklad\u00e1 vyhlasovate\u013e (ako prenaj\u00edmate\u013e). N\u00e1jomn\u00e1 zmluva mus\u00ed obsahova\u0165 podstatn\u00e9 n\u00e1le\u017eitosti a\u00a0podmienky v\u00a0s\u00falade so Z\u00e1sadami hospod\u00e1renia a\u00a0nakladania s\u00a0majetkom \u017dilinsk\u00e9ho samospr\u00e1vneho kraja.<\/p>\n<p style=\"text-align: justify;\"><strong>\u00a02.14<\/strong> Vyhlasovate\u013e si vyhradzuje pr\u00e1vo ka\u017edoro\u010dne jednostranne zv\u00fd\u0161i\u0165 n\u00e1jomn\u00e9 z d\u00f4vodu rastu spotrebite\u013esk\u00fdch cien (infl\u00e1cie) vo v\u00fd\u0161ke zodpovedaj\u00faceho indexu rastu spotrebite\u013esk\u00fdch cien za uplynul\u00fd kalend\u00e1rny rok, na z\u00e1klade ka\u017edoro\u010dn\u00e9ho vyhl\u00e1senia \u0160tatistick\u00e9ho \u00faradu SR.<\/p>\n<p style=\"text-align: justify;\"><strong>2.15<\/strong> V\u0161etci z\u00e1ujemcovia, ktor\u00ed predlo\u017eili svoje ponuky, bud\u00fa o\u00a0v\u00fdsledku vyhodnotenia p\u00edsomne\/elektronicky informovan\u00ed.<\/p>\n<p style=\"text-align: justify;\">V\u00a0\u017diline d\u0148a 3.12.2025<\/p>\n<p style=\"text-align: justify;\">Mgr. Katar\u00edna \u0160u\u0161oliakov\u00e1, riadite\u013eka Krajskej kni\u017enice v \u017diline<\/p>\n","protected":false},"excerpt":{"rendered":"<p>Z\u00c1MER A PODMIENKY priameho n\u00e1jmu majetku \u017dilinsk\u00e9ho samospr\u00e1vneho kraja \u010d. 1\/KKZA\/2025, ktor\u00fd je v spr\u00e1ve Krajskej kni\u017enice v \u017diline Krajsk\u00e1 kni\u017enica v \u017diline, Antona Bernol\u00e1ka 47, 011 77 \u017dilina v\u00a0zria\u010fovate\u013eskej p\u00f4sobnosti \u017dilinsk\u00e9ho samospr\u00e1vneho kraja, Komensk\u00e9ho 48, 011 09 \u017dilina (\u010falej len \u201evyhlasovate\u013e&#8220;) pod\u013ea \u00a7 9a ods. 9 z\u00e1kona \u010d. 446\/2001 Z. z. o majetku vy\u0161\u0161\u00edch &#8230; <a title=\"Z\u00e1mer a podmienky priameho n\u00e1jmu majetku \u017dSK \u010d. 1\/KKZA\/2025\" class=\"read-more\" href=\"https:\/\/www.krajskakniznicazilina.sk\/index.php\/2025\/12\/03\/zamer-a-podmienky-priameho-najmu-majetku-zsk-c-1-kkza-2025\/\" aria-label=\"Pre\u010d\u00edtajte si viac o Z\u00e1mer a podmienky priameho n\u00e1jmu majetku \u017dSK \u010d. 1\/KKZA\/2025\">\u010c\u00edta\u0165 viac<\/a><\/p>\n","protected":false},"author":1,"featured_media":0,"comment_status":"open","ping_status":"open","sticky":false,"template":"","format":"standard","meta":{"footnotes":""},"categories":[1],"tags":[],"class_list":["post-16383","post","type-post","status-publish","format-standard","hentry","category-oznam"],"_links":{"self":[{"href":"https:\/\/www.krajskakniznicazilina.sk\/index.php\/wp-json\/wp\/v2\/posts\/16383","targetHints":{"allow":["GET"]}}],"collection":[{"href":"https:\/\/www.krajskakniznicazilina.sk\/index.php\/wp-json\/wp\/v2\/posts"}],"about":[{"href":"https:\/\/www.krajskakniznicazilina.sk\/index.php\/wp-json\/wp\/v2\/types\/post"}],"author":[{"embeddable":true,"href":"https:\/\/www.krajskakniznicazilina.sk\/index.php\/wp-json\/wp\/v2\/users\/1"}],"replies":[{"embeddable":true,"href":"https:\/\/www.krajskakniznicazilina.sk\/index.php\/wp-json\/wp\/v2\/comments?post=16383"}],"version-history":[{"count":4,"href":"https:\/\/www.krajskakniznicazilina.sk\/index.php\/wp-json\/wp\/v2\/posts\/16383\/revisions"}],"predecessor-version":[{"id":16407,"href":"https:\/\/www.krajskakniznicazilina.sk\/index.php\/wp-json\/wp\/v2\/posts\/16383\/revisions\/16407"}],"wp:attachment":[{"href":"https:\/\/www.krajskakniznicazilina.sk\/index.php\/wp-json\/wp\/v2\/media?parent=16383"}],"wp:term":[{"taxonomy":"category","embeddable":true,"href":"https:\/\/www.krajskakniznicazilina.sk\/index.php\/wp-json\/wp\/v2\/categories?post=16383"},{"taxonomy":"post_tag","embeddable":true,"href":"https:\/\/www.krajskakniznicazilina.sk\/index.php\/wp-json\/wp\/v2\/tags?post=16383"}],"curies":[{"name":"wp","href":"https:\/\/api.w.org\/{rel}","templated":true}]}}