{"id":16547,"date":"2026-01-23T07:02:46","date_gmt":"2026-01-23T06:02:46","guid":{"rendered":"https:\/\/www.krajskakniznicazilina.sk\/?p=16547"},"modified":"2026-01-27T12:16:41","modified_gmt":"2026-01-27T11:16:41","slug":"vyrobte-si-valentinsky-darcek-v-smartlabe","status":"publish","type":"post","link":"https:\/\/www.krajskakniznicazilina.sk\/index.php\/2026\/01\/23\/vyrobte-si-valentinsky-darcek-v-smartlabe\/","title":{"rendered":"Vyrobte si valent\u00ednsky dar\u010dek v Smartlabe"},"content":{"rendered":"<p style=\"text-align: justify;\"><a href=\"https:\/\/www.krajskakniznicazilina.sk\/clanky\/2026\/02\/vyrobte%20si%20valent%C3%ADnsky%20dar%C4%8Dek%20smartlab.jpg\"><img decoding=\"async\" class=\"alignright size-thumbnail\" src=\"https:\/\/www.krajskakniznicazilina.sk\/clanky\/2026\/02\/vyrobte%20si%20valent%C3%ADnsky%20dar%C4%8Dek%20smartlab.jpg\" alt=\"plag\u00e1t\" width=\"40%\" height=\"40%\" \/><\/a>Neviete, \u010do darova\u0165 na Valent\u00edna? Zauj\u00edma v\u00e1s, ako si vyrobi\u0165 zauj\u00edmav\u00fd valent\u00ednsky dar\u010dek? Pr\u00ed\u010fte si u\u017ei\u0165 tvoriv\u00e9 popoludnie v piatok<strong> 13. febru\u00e1ra od 15:00 do 17:30<\/strong> do Krajskej kni\u017enice v \u017diline a odnesiete si origin\u00e1lne dar\u010deky. M\u00f4\u017eete sa te\u0161i\u0165 na tvorenie valent\u00ednskych dar\u010dekov ru\u010dn\u00fdm \u0161it\u00edm, potla\u010dou hrn\u010dekov a vypa\u013eovan\u00edm do dreva. \u010cak\u00e1 v\u00e1s uvo\u013enen\u00e1 atmosf\u00e9ra, kreat\u00edvne dielne a in\u0161pirat\u00edvne prostredie. Na podujatie je potrebn\u00e9 prihl\u00e1senie vopred: <a href=\"mailto:kniznica@krajskakniznicazilina.sk\">kniznica@krajskakniznicazilina.sk<\/a><\/p>\n<p style=\"text-align: justify;\">Poplatok za materi\u00e1l: vypa\u013eovanie a ru\u010dn\u00e9 \u0161itie 1 \u20ac,\u00a0 potla\u010d hrn\u010deka pod\u013ea v\u00fdberu valent\u00ednskeho mot\u00edvu 5 \u20ac. Zmena programu vyhraden\u00e1.<\/p>\n<p style=\"text-align: justify;\"><em>\u201eRealizovan\u00e9 v spolupr\u00e1ci s Centrom vedecko-technick\u00fdch inform\u00e1ci\u00ed SR ako priamo riadenej organiz\u00e1cii M\u0160VVaM SR v r\u00e1mci implement\u00e1cie opatrenia Podporovanie rozvoja inteligentn\u00fdch laborat\u00f3ri\u00ed v kni\u017eniciach Ak\u010dn\u00e9ho pl\u00e1nu N\u00e1rodnej strat\u00e9gie v\u00fdskumu, v\u00fdvoja a inov\u00e1ci\u00ed 2030.\u201c<\/em><\/p>\n","protected":false},"excerpt":{"rendered":"<p>Neviete, \u010do darova\u0165 na Valent\u00edna? Zauj\u00edma v\u00e1s, ako si vyrobi\u0165 zauj\u00edmav\u00fd valent\u00ednsky dar\u010dek? Pr\u00ed\u010fte si u\u017ei\u0165 tvoriv\u00e9 popoludnie v piatok 13. febru\u00e1ra od 15:00 do 17:30 do Krajskej kni\u017enice v \u017diline a odnesiete si origin\u00e1lne dar\u010deky. M\u00f4\u017eete sa te\u0161i\u0165 na tvorenie valent\u00ednskych dar\u010dekov ru\u010dn\u00fdm \u0161it\u00edm, potla\u010dou hrn\u010dekov a vypa\u013eovan\u00edm do dreva. \u010cak\u00e1 v\u00e1s uvo\u013enen\u00e1 atmosf\u00e9ra, &#8230; <a title=\"Vyrobte si valent\u00ednsky dar\u010dek v Smartlabe\" class=\"read-more\" href=\"https:\/\/www.krajskakniznicazilina.sk\/index.php\/2026\/01\/23\/vyrobte-si-valentinsky-darcek-v-smartlabe\/\" aria-label=\"Pre\u010d\u00edtajte si viac o Vyrobte si valent\u00ednsky dar\u010dek v Smartlabe\">\u010c\u00edta\u0165 viac<\/a><\/p>\n","protected":false},"author":1,"featured_media":0,"comment_status":"open","ping_status":"open","sticky":false,"template":"","format":"image","meta":{"footnotes":""},"categories":[12,74,20],"tags":[],"class_list":["post-16547","post","type-post","status-publish","format-image","hentry","category-podujatie","category-makerspace","category-workshop","post_format-post-format-image"],"_links":{"self":[{"href":"https:\/\/www.krajskakniznicazilina.sk\/index.php\/wp-json\/wp\/v2\/posts\/16547","targetHints":{"allow":["GET"]}}],"collection":[{"href":"https:\/\/www.krajskakniznicazilina.sk\/index.php\/wp-json\/wp\/v2\/posts"}],"about":[{"href":"https:\/\/www.krajskakniznicazilina.sk\/index.php\/wp-json\/wp\/v2\/types\/post"}],"author":[{"embeddable":true,"href":"https:\/\/www.krajskakniznicazilina.sk\/index.php\/wp-json\/wp\/v2\/users\/1"}],"replies":[{"embeddable":true,"href":"https:\/\/www.krajskakniznicazilina.sk\/index.php\/wp-json\/wp\/v2\/comments?post=16547"}],"version-history":[{"count":4,"href":"https:\/\/www.krajskakniznicazilina.sk\/index.php\/wp-json\/wp\/v2\/posts\/16547\/revisions"}],"predecessor-version":[{"id":16603,"href":"https:\/\/www.krajskakniznicazilina.sk\/index.php\/wp-json\/wp\/v2\/posts\/16547\/revisions\/16603"}],"wp:attachment":[{"href":"https:\/\/www.krajskakniznicazilina.sk\/index.php\/wp-json\/wp\/v2\/media?parent=16547"}],"wp:term":[{"taxonomy":"category","embeddable":true,"href":"https:\/\/www.krajskakniznicazilina.sk\/index.php\/wp-json\/wp\/v2\/categories?post=16547"},{"taxonomy":"post_tag","embeddable":true,"href":"https:\/\/www.krajskakniznicazilina.sk\/index.php\/wp-json\/wp\/v2\/tags?post=16547"}],"curies":[{"name":"wp","href":"https:\/\/api.w.org\/{rel}","templated":true}]}}