{"id":16551,"date":"2026-01-26T07:01:47","date_gmt":"2026-01-26T06:01:47","guid":{"rendered":"https:\/\/www.krajskakniznicazilina.sk\/?p=16551"},"modified":"2026-01-26T09:07:37","modified_gmt":"2026-01-26T08:07:37","slug":"svatyne-velkych-bohov-sny-predstavy-vizie-vystava","status":"publish","type":"post","link":"https:\/\/www.krajskakniznicazilina.sk\/index.php\/2026\/01\/26\/svatyne-velkych-bohov-sny-predstavy-vizie-vystava\/","title":{"rendered":"Sv\u00e4tyne ve\u013ek\u00fdch bohov \/ Sny, predstavy, v\u00edzie \/ v\u00fdstava"},"content":{"rendered":"<p style=\"text-align: justify;\"><a href=\"https:\/\/www.krajskakniznicazilina.sk\/clanky\/2026\/02\/sv%C3%A4tyne,%20sny%20V.jpg\"><img decoding=\"async\" class=\"size-thumbnail alignright\" src=\"https:\/\/www.krajskakniznicazilina.sk\/clanky\/2026\/02\/sv%C3%A4tyne,%20sny%20V.jpg\" alt=\"plag\u00e1t\" width=\"35%\" height=\"35%\" \/><\/a>V\u00fdstavu n\u00e1jdete v Krajskej kni\u017enici po\u010das febru\u00e1ra. <strong>Vernis\u00e1\u017e<\/strong> sa bude kona\u0165\u00a0v pondelok <strong>2. febru\u00e1ra o 17:00<\/strong>.<\/p>\n<p style=\"text-align: justify;\"><strong>SV\u00c4TYNE VE\u013dK\u00ddCH BOHOV<\/strong><\/p>\n<p style=\"text-align: justify;\">Malebn\u00e9 az\u00farov\u00e9 stredomorsk\u00e9 gr\u00e9cke pobre\u017eie, olivov\u00e9 h\u00e1je, malebn\u00e9 mest\u00e1 a\u00a0meste\u010dk\u00e1, pr\u00edvetiv\u00ed \u013eudia, mystick\u00e9 chr\u00e1my, jedine\u010dn\u00e9\u00a0umenie star\u00fdch Gr\u00e9kov na ostrovoch Rila, Filippi, Kavala, Samothraki, D\u00e9los, Mykonos, Naxos, Santorini&#8230;<\/p>\n<p style=\"text-align: justify;\"><strong>fotografie: Katar\u00edna Mikol\u00e1\u0161ov\u00e1<\/strong><\/p>\n<p style=\"text-align: justify;\"><strong>SNY, PREDSTAVY, V\u00cdZIE<\/strong><\/p>\n<p style=\"text-align: justify;\">H\u013eadanie obrazovej podoby vn\u00fatorn\u00e9ho sveta, \u00fanikov a potuliek du\u0161e r\u00f4znymi podobami grafiky, kol\u00e1\u017ee, asambl\u00e1\u017ee, fotografie, kresby, z\u00e1\u017eitku, spomienok na minulos\u0165, predst\u00e1v o\u00a0bud\u00facnosti, mihotav\u00fdch momentov s\u00fa\u010dasnosti, snov\u00fdch v\u00edzi\u00ed&#8230;<\/p>\n<p style=\"text-align: justify;\"><strong>autor: Lajo Kupkovi\u010d<\/strong><\/p>\n","protected":false},"excerpt":{"rendered":"<p>V\u00fdstavu n\u00e1jdete v Krajskej kni\u017enici po\u010das febru\u00e1ra. Vernis\u00e1\u017e sa bude kona\u0165\u00a0v pondelok 2. febru\u00e1ra o 17:00. SV\u00c4TYNE VE\u013dK\u00ddCH BOHOV Malebn\u00e9 az\u00farov\u00e9 stredomorsk\u00e9 gr\u00e9cke pobre\u017eie, olivov\u00e9 h\u00e1je, malebn\u00e9 mest\u00e1 a\u00a0meste\u010dk\u00e1, pr\u00edvetiv\u00ed \u013eudia, mystick\u00e9 chr\u00e1my, jedine\u010dn\u00e9\u00a0umenie star\u00fdch Gr\u00e9kov na ostrovoch Rila, Filippi, Kavala, Samothraki, D\u00e9los, Mykonos, Naxos, Santorini&#8230; fotografie: Katar\u00edna Mikol\u00e1\u0161ov\u00e1 SNY, PREDSTAVY, V\u00cdZIE H\u013eadanie obrazovej podoby &#8230; <a title=\"Sv\u00e4tyne ve\u013ek\u00fdch bohov \/ Sny, predstavy, v\u00edzie \/ v\u00fdstava\" class=\"read-more\" href=\"https:\/\/www.krajskakniznicazilina.sk\/index.php\/2026\/01\/26\/svatyne-velkych-bohov-sny-predstavy-vizie-vystava\/\" aria-label=\"Pre\u010d\u00edtajte si viac o Sv\u00e4tyne ve\u013ek\u00fdch bohov \/ Sny, predstavy, v\u00edzie \/ v\u00fdstava\">\u010c\u00edta\u0165 viac<\/a><\/p>\n","protected":false},"author":1,"featured_media":0,"comment_status":"open","ping_status":"open","sticky":false,"template":"","format":"image","meta":{"footnotes":""},"categories":[15],"tags":[],"class_list":["post-16551","post","type-post","status-publish","format-image","hentry","category-vystava","post_format-post-format-image"],"_links":{"self":[{"href":"https:\/\/www.krajskakniznicazilina.sk\/index.php\/wp-json\/wp\/v2\/posts\/16551","targetHints":{"allow":["GET"]}}],"collection":[{"href":"https:\/\/www.krajskakniznicazilina.sk\/index.php\/wp-json\/wp\/v2\/posts"}],"about":[{"href":"https:\/\/www.krajskakniznicazilina.sk\/index.php\/wp-json\/wp\/v2\/types\/post"}],"author":[{"embeddable":true,"href":"https:\/\/www.krajskakniznicazilina.sk\/index.php\/wp-json\/wp\/v2\/users\/1"}],"replies":[{"embeddable":true,"href":"https:\/\/www.krajskakniznicazilina.sk\/index.php\/wp-json\/wp\/v2\/comments?post=16551"}],"version-history":[{"count":3,"href":"https:\/\/www.krajskakniznicazilina.sk\/index.php\/wp-json\/wp\/v2\/posts\/16551\/revisions"}],"predecessor-version":[{"id":16575,"href":"https:\/\/www.krajskakniznicazilina.sk\/index.php\/wp-json\/wp\/v2\/posts\/16551\/revisions\/16575"}],"wp:attachment":[{"href":"https:\/\/www.krajskakniznicazilina.sk\/index.php\/wp-json\/wp\/v2\/media?parent=16551"}],"wp:term":[{"taxonomy":"category","embeddable":true,"href":"https:\/\/www.krajskakniznicazilina.sk\/index.php\/wp-json\/wp\/v2\/categories?post=16551"},{"taxonomy":"post_tag","embeddable":true,"href":"https:\/\/www.krajskakniznicazilina.sk\/index.php\/wp-json\/wp\/v2\/tags?post=16551"}],"curies":[{"name":"wp","href":"https:\/\/api.w.org\/{rel}","templated":true}]}}