{"id":16556,"date":"2026-01-19T08:55:15","date_gmt":"2026-01-19T07:55:15","guid":{"rendered":"https:\/\/www.krajskakniznicazilina.sk\/?p=16556"},"modified":"2026-02-06T15:33:37","modified_gmt":"2026-02-06T14:33:37","slug":"sachovy-klub-3","status":"publish","type":"post","link":"https:\/\/www.krajskakniznicazilina.sk\/index.php\/2026\/01\/19\/sachovy-klub-3\/","title":{"rendered":"\u0160achov\u00fd klub"},"content":{"rendered":"<p style=\"text-align: justify;\"><a href=\"https:\/\/www.krajskakniznicazilina.sk\/clanky\/2026\/01\/%C5%A1achov%C3%BD%20klub.jpg\"><img decoding=\"async\" class=\"alignleft size-thumbnail\" src=\"https:\/\/www.krajskakniznicazilina.sk\/clanky\/2026\/01\/%C5%A1achov%C3%BD%20klub.jpg\" alt=\"plag\u00e1t\" width=\"35%\" height=\"35%\" \/><\/a>Viete, \u017ee \u0161ach zlep\u0161uje kritick\u00e9 a tvoriv\u00e9 myslenie? Zvy\u0161uje pozornos\u0165, predstavivos\u0165,\u00a0 predv\u00eddanie, pl\u00e1novanie a abstraktn\u00e9 myslenie? Poz\u00fdvame v\u0161etk\u00fdch z\u00e1ujemcov vo veku od 5 rokov, ktor\u00ed vedia, alebo sa chc\u00fa nau\u010di\u0165 \u0161ach do Krajskej kni\u017enice v \u017diline.<\/p>\n<p style=\"text-align: justify;\">\u0160achov\u00fd klub bude op\u00e4\u0165 vies\u0165 dlhoro\u010dn\u00e1 sk\u00fasen\u00e1 \u0161achov\u00e1 tr\u00e9nerka Darina Vanekov\u00e1. Stretnutia \u0161achov\u00e9ho klubu sa bud\u00fa kona\u0165 <strong>ka\u017ed\u00fd pondelok o 15:30<\/strong> v Krajskej kni\u017enici v \u017diline. \u0160achov\u00fd klub je spoplatnen\u00fd \u2013 <strong>20 \u20ac\/polrok<\/strong>\u00a0(september \u2013 janu\u00e1r; febru\u00e1r \u2013 j\u00fan).<\/p>\n","protected":false},"excerpt":{"rendered":"<p>Viete, \u017ee \u0161ach zlep\u0161uje kritick\u00e9 a tvoriv\u00e9 myslenie? Zvy\u0161uje pozornos\u0165, predstavivos\u0165,\u00a0 predv\u00eddanie, pl\u00e1novanie a abstraktn\u00e9 myslenie? Poz\u00fdvame v\u0161etk\u00fdch z\u00e1ujemcov vo veku od 5 rokov, ktor\u00ed vedia, alebo sa chc\u00fa nau\u010di\u0165 \u0161ach do Krajskej kni\u017enice v \u017diline. \u0160achov\u00fd klub bude op\u00e4\u0165 vies\u0165 dlhoro\u010dn\u00e1 sk\u00fasen\u00e1 \u0161achov\u00e1 tr\u00e9nerka Darina Vanekov\u00e1. Stretnutia \u0161achov\u00e9ho klubu sa bud\u00fa kona\u0165 ka\u017ed\u00fd pondelok &#8230; <a title=\"\u0160achov\u00fd klub\" class=\"read-more\" href=\"https:\/\/www.krajskakniznicazilina.sk\/index.php\/2026\/01\/19\/sachovy-klub-3\/\" aria-label=\"Pre\u010d\u00edtajte si viac o \u0160achov\u00fd klub\">\u010c\u00edta\u0165 viac<\/a><\/p>\n","protected":false},"author":1,"featured_media":0,"comment_status":"open","ping_status":"open","sticky":false,"template":"","format":"image","meta":{"footnotes":""},"categories":[1],"tags":[],"class_list":["post-16556","post","type-post","status-publish","format-image","hentry","category-oznam","post_format-post-format-image"],"_links":{"self":[{"href":"https:\/\/www.krajskakniznicazilina.sk\/index.php\/wp-json\/wp\/v2\/posts\/16556","targetHints":{"allow":["GET"]}}],"collection":[{"href":"https:\/\/www.krajskakniznicazilina.sk\/index.php\/wp-json\/wp\/v2\/posts"}],"about":[{"href":"https:\/\/www.krajskakniznicazilina.sk\/index.php\/wp-json\/wp\/v2\/types\/post"}],"author":[{"embeddable":true,"href":"https:\/\/www.krajskakniznicazilina.sk\/index.php\/wp-json\/wp\/v2\/users\/1"}],"replies":[{"embeddable":true,"href":"https:\/\/www.krajskakniznicazilina.sk\/index.php\/wp-json\/wp\/v2\/comments?post=16556"}],"version-history":[{"count":3,"href":"https:\/\/www.krajskakniznicazilina.sk\/index.php\/wp-json\/wp\/v2\/posts\/16556\/revisions"}],"predecessor-version":[{"id":16679,"href":"https:\/\/www.krajskakniznicazilina.sk\/index.php\/wp-json\/wp\/v2\/posts\/16556\/revisions\/16679"}],"wp:attachment":[{"href":"https:\/\/www.krajskakniznicazilina.sk\/index.php\/wp-json\/wp\/v2\/media?parent=16556"}],"wp:term":[{"taxonomy":"category","embeddable":true,"href":"https:\/\/www.krajskakniznicazilina.sk\/index.php\/wp-json\/wp\/v2\/categories?post=16556"},{"taxonomy":"post_tag","embeddable":true,"href":"https:\/\/www.krajskakniznicazilina.sk\/index.php\/wp-json\/wp\/v2\/tags?post=16556"}],"curies":[{"name":"wp","href":"https:\/\/api.w.org\/{rel}","templated":true}]}}