{"id":16559,"date":"2026-01-22T07:01:55","date_gmt":"2026-01-22T06:01:55","guid":{"rendered":"https:\/\/www.krajskakniznicazilina.sk\/?p=16559"},"modified":"2026-01-19T09:27:31","modified_gmt":"2026-01-19T08:27:31","slug":"discussion-club-moments-that-changed-the-world","status":"publish","type":"post","link":"https:\/\/www.krajskakniznicazilina.sk\/index.php\/2026\/01\/22\/discussion-club-moments-that-changed-the-world\/","title":{"rendered":"Discussion club &#8211; moments that changed the world"},"content":{"rendered":"<p style=\"text-align: justify;\"><a href=\"https:\/\/www.krajskakniznicazilina.sk\/clanky\/2026\/02\/Poster%201.png\"><img decoding=\"async\" class=\"alignright size-thumbnail\" src=\"https:\/\/www.krajskakniznicazilina.sk\/clanky\/2026\/02\/Poster%201.png\" alt=\"plag\u00e1t\" width=\"40%\" height=\"40%\" \/><\/a>Febru\u00e1rov\u00fdm diskusn\u00fdm klubom sa bude nies\u0165 t\u00e9ma <strong>momenty, ktor\u00e9 zmenili svet<\/strong>. Pr\u00ed\u010fte sa ku n\u00e1m porozpr\u00e1va\u0165 o vyn\u00e1lezoch, bez ktor\u00fdch si nevieme predstavi\u0165 na\u0161e \u017eivoty; historick\u00fdch udalostiach, ktor\u00e9 ovplyv\u0148uj\u00fa i s\u00fa\u010dasnos\u0165; \u010di o\u00a0rekordoch, ktor\u00e9 prelomili v\u00fdnimo\u010dn\u00ed \u013eudia. Stretneme sa vo \u0161tvrtok <strong>12. febru\u00e1ra 2026 o\u00a017:00<\/strong> v\u00a0Americkom centre \u017dilina.<\/p>\n<p style=\"text-align: justify;\">Diskusn\u00fd klub je venovan\u00fd v\u0161etk\u00fdm t\u00fdm, ktor\u00ed s\u00edce po anglicky vedia, ale radi by si precvi\u010dili svoje komunika\u010dn\u00e9 schopnosti\u00a0(odpor\u00fa\u010dame minim\u00e1lne \u00farove\u0148 B1).<\/p>\n<p style=\"text-align: justify;\">Topic of our February discussion club will be <strong>moments that changed the world<\/strong>. Come and talk with us about inventions we can\u2019t imagine our lives without, historical events that influence the present, or about records broken by extraordinary people. We\u2019ll meet on Thursday <strong>15<sup>th<\/sup><\/strong> <strong>of January 2026 <\/strong>at <strong>5pm<\/strong> in <strong>American Center \u017dilina<\/strong>.<\/p>\n<p style=\"text-align: justify;\">Discussion club is for everyone who speaks English but wants to practice their communication skills (we recommend at least B1 level in English to attend).<\/p>\n","protected":false},"excerpt":{"rendered":"<p>Febru\u00e1rov\u00fdm diskusn\u00fdm klubom sa bude nies\u0165 t\u00e9ma momenty, ktor\u00e9 zmenili svet. Pr\u00ed\u010fte sa ku n\u00e1m porozpr\u00e1va\u0165 o vyn\u00e1lezoch, bez ktor\u00fdch si nevieme predstavi\u0165 na\u0161e \u017eivoty; historick\u00fdch udalostiach, ktor\u00e9 ovplyv\u0148uj\u00fa i s\u00fa\u010dasnos\u0165; \u010di o\u00a0rekordoch, ktor\u00e9 prelomili v\u00fdnimo\u010dn\u00ed \u013eudia. Stretneme sa vo \u0161tvrtok 12. febru\u00e1ra 2026 o\u00a017:00 v\u00a0Americkom centre \u017dilina. Diskusn\u00fd klub je venovan\u00fd v\u0161etk\u00fdm t\u00fdm, ktor\u00ed &#8230; <a title=\"Discussion club &#8211; moments that changed the world\" class=\"read-more\" href=\"https:\/\/www.krajskakniznicazilina.sk\/index.php\/2026\/01\/22\/discussion-club-moments-that-changed-the-world\/\" aria-label=\"Pre\u010d\u00edtajte si viac o Discussion club &#8211; moments that changed the world\">\u010c\u00edta\u0165 viac<\/a><\/p>\n","protected":false},"author":1,"featured_media":0,"comment_status":"open","ping_status":"open","sticky":false,"template":"","format":"image","meta":{"footnotes":""},"categories":[78,23,12],"tags":[],"class_list":["post-16559","post","type-post","status-publish","format-image","hentry","category-discussion-club","category-klub","category-podujatie","post_format-post-format-image"],"_links":{"self":[{"href":"https:\/\/www.krajskakniznicazilina.sk\/index.php\/wp-json\/wp\/v2\/posts\/16559","targetHints":{"allow":["GET"]}}],"collection":[{"href":"https:\/\/www.krajskakniznicazilina.sk\/index.php\/wp-json\/wp\/v2\/posts"}],"about":[{"href":"https:\/\/www.krajskakniznicazilina.sk\/index.php\/wp-json\/wp\/v2\/types\/post"}],"author":[{"embeddable":true,"href":"https:\/\/www.krajskakniznicazilina.sk\/index.php\/wp-json\/wp\/v2\/users\/1"}],"replies":[{"embeddable":true,"href":"https:\/\/www.krajskakniznicazilina.sk\/index.php\/wp-json\/wp\/v2\/comments?post=16559"}],"version-history":[{"count":1,"href":"https:\/\/www.krajskakniznicazilina.sk\/index.php\/wp-json\/wp\/v2\/posts\/16559\/revisions"}],"predecessor-version":[{"id":16560,"href":"https:\/\/www.krajskakniznicazilina.sk\/index.php\/wp-json\/wp\/v2\/posts\/16559\/revisions\/16560"}],"wp:attachment":[{"href":"https:\/\/www.krajskakniznicazilina.sk\/index.php\/wp-json\/wp\/v2\/media?parent=16559"}],"wp:term":[{"taxonomy":"category","embeddable":true,"href":"https:\/\/www.krajskakniznicazilina.sk\/index.php\/wp-json\/wp\/v2\/categories?post=16559"},{"taxonomy":"post_tag","embeddable":true,"href":"https:\/\/www.krajskakniznicazilina.sk\/index.php\/wp-json\/wp\/v2\/tags?post=16559"}],"curies":[{"name":"wp","href":"https:\/\/api.w.org\/{rel}","templated":true}]}}