{"id":16564,"date":"2026-01-24T07:01:55","date_gmt":"2026-01-24T06:01:55","guid":{"rendered":"https:\/\/www.krajskakniznicazilina.sk\/?p=16564"},"modified":"2026-01-28T08:21:50","modified_gmt":"2026-01-28T07:21:50","slug":"kde-si-sa-vydala-tam-si-mlieko-pytaj","status":"publish","type":"post","link":"https:\/\/www.krajskakniznicazilina.sk\/index.php\/2026\/01\/24\/kde-si-sa-vydala-tam-si-mlieko-pytaj\/","title":{"rendered":"Kde si sa vydala, tam si mlieko p\u00fdtaj"},"content":{"rendered":"<p style=\"text-align: justify;\"><a href=\"https:\/\/www.krajskakniznicazilina.sk\/clanky\/2026\/02\/Kde%20si%20sa%20vydala.jpg\"><img decoding=\"async\" class=\"size-thumbnail alignleft\" src=\"https:\/\/www.krajskakniznicazilina.sk\/clanky\/2026\/02\/Kde%20si%20sa%20vydala.jpg\" alt=\"plag\u00e1t\" width=\"40%\" height=\"40%\" \/><\/a>Chcete stretn\u00fa\u0165 mimoriadne ob\u013e\u00faben\u00fa region\u00e1lnu autorku, ktorej kniha bola v Krajskej kni\u017enici v \u017diline vypo\u017ei\u010dan\u00e1 u\u017e skoro stokr\u00e1t?<\/p>\n<p style=\"text-align: justify;\">Pr\u00ed\u010fte na besedu s J\u00faliou Marcinovou ku knihe &#8211; Kde si sa vydala, tam si mlieko p\u00fdtaj &#8211; a dozviete sa viac. Kniha bola nap\u00edsan\u00e1 na z\u00e1klade skuto\u010dn\u00fdch udalost\u00ed z 19. a 20. storo\u010dia a dot\u00fdka sa \u017eivotov \u013eud\u00ed aj dnes. Zachyt\u00e1va radosti a starosti, ktor\u00e9 sprev\u00e1dzali na\u0161ich predkov a otv\u00e1ra t\u00e9mu trad\u00edci\u00ed, rodinn\u00fdch vz\u0165ahov, odvahy a h\u013eadan\u00ed odpustenia. Te\u0161\u00edme sa na v\u00e1s v utorok<strong> 17. febru\u00e1ra o 16:30<\/strong> v Krajskej kni\u017enici v \u017diline.<\/p>\n","protected":false},"excerpt":{"rendered":"<p>Chcete stretn\u00fa\u0165 mimoriadne ob\u013e\u00faben\u00fa region\u00e1lnu autorku, ktorej kniha bola v Krajskej kni\u017enici v \u017diline vypo\u017ei\u010dan\u00e1 u\u017e skoro stokr\u00e1t? Pr\u00ed\u010fte na besedu s J\u00faliou Marcinovou ku knihe &#8211; Kde si sa vydala, tam si mlieko p\u00fdtaj &#8211; a dozviete sa viac. Kniha bola nap\u00edsan\u00e1 na z\u00e1klade skuto\u010dn\u00fdch udalost\u00ed z 19. a 20. storo\u010dia a dot\u00fdka sa &#8230; <a title=\"Kde si sa vydala, tam si mlieko p\u00fdtaj\" class=\"read-more\" href=\"https:\/\/www.krajskakniznicazilina.sk\/index.php\/2026\/01\/24\/kde-si-sa-vydala-tam-si-mlieko-pytaj\/\" aria-label=\"Pre\u010d\u00edtajte si viac o Kde si sa vydala, tam si mlieko p\u00fdtaj\">\u010c\u00edta\u0165 viac<\/a><\/p>\n","protected":false},"author":1,"featured_media":0,"comment_status":"open","ping_status":"open","sticky":false,"template":"","format":"image","meta":{"footnotes":""},"categories":[24,12],"tags":[],"class_list":["post-16564","post","type-post","status-publish","format-image","hentry","category-beseda","category-podujatie","post_format-post-format-image"],"_links":{"self":[{"href":"https:\/\/www.krajskakniznicazilina.sk\/index.php\/wp-json\/wp\/v2\/posts\/16564","targetHints":{"allow":["GET"]}}],"collection":[{"href":"https:\/\/www.krajskakniznicazilina.sk\/index.php\/wp-json\/wp\/v2\/posts"}],"about":[{"href":"https:\/\/www.krajskakniznicazilina.sk\/index.php\/wp-json\/wp\/v2\/types\/post"}],"author":[{"embeddable":true,"href":"https:\/\/www.krajskakniznicazilina.sk\/index.php\/wp-json\/wp\/v2\/users\/1"}],"replies":[{"embeddable":true,"href":"https:\/\/www.krajskakniznicazilina.sk\/index.php\/wp-json\/wp\/v2\/comments?post=16564"}],"version-history":[{"count":3,"href":"https:\/\/www.krajskakniznicazilina.sk\/index.php\/wp-json\/wp\/v2\/posts\/16564\/revisions"}],"predecessor-version":[{"id":16607,"href":"https:\/\/www.krajskakniznicazilina.sk\/index.php\/wp-json\/wp\/v2\/posts\/16564\/revisions\/16607"}],"wp:attachment":[{"href":"https:\/\/www.krajskakniznicazilina.sk\/index.php\/wp-json\/wp\/v2\/media?parent=16564"}],"wp:term":[{"taxonomy":"category","embeddable":true,"href":"https:\/\/www.krajskakniznicazilina.sk\/index.php\/wp-json\/wp\/v2\/categories?post=16564"},{"taxonomy":"post_tag","embeddable":true,"href":"https:\/\/www.krajskakniznicazilina.sk\/index.php\/wp-json\/wp\/v2\/tags?post=16564"}],"curies":[{"name":"wp","href":"https:\/\/api.w.org\/{rel}","templated":true}]}}