{"id":16580,"date":"2026-01-27T07:01:48","date_gmt":"2026-01-27T06:01:48","guid":{"rendered":"https:\/\/www.krajskakniznicazilina.sk\/?p=16580"},"modified":"2026-01-27T12:01:16","modified_gmt":"2026-01-27T11:01:16","slug":"spisopriatelia-februar","status":"publish","type":"post","link":"https:\/\/www.krajskakniznicazilina.sk\/index.php\/2026\/01\/27\/spisopriatelia-februar\/","title":{"rendered":"Spisopriatelia \u2013 febru\u00e1r"},"content":{"rendered":"<p style=\"text-align: justify;\"><a href=\"https:\/\/www.krajskakniznicazilina.sk\/clanky\/2026\/02\/Spisopriatelia%202.jpg\"><img decoding=\"async\" class=\"alignleft size-thumbnail\" src=\"https:\/\/www.krajskakniznicazilina.sk\/clanky\/2026\/02\/Spisopriatelia%202.jpg\" alt=\"plag\u00e1t\" width=\"35%\" height=\"35%\" \/><\/a>Chce\u0161 vyhr\u00e1va\u0165 liter\u00e1rne s\u00fa\u0165a\u017ee alebo \u0165a bav\u00ed p\u00edsa\u0165 len tak do \u0161ufl\u00edka? Ch\u00fdba ti sp\u00e4tn\u00e1 v\u00e4zba na tvoju tvorbu? H\u013ead\u00e1\u0161 komunitu, ktor\u00e1 tvoje p\u00edsanie posunie o level vy\u0161\u0161ie a otvor\u00ed nov\u00e9 mo\u017enosti?<\/p>\n<p style=\"text-align: justify;\">Pridaj sa k spisopriate\u013eom vo \u0161tvrtok<strong> 13. febru\u00e1ra o 16:00<\/strong>\u00a0v Krajskej kni\u017enici v \u017diline.<\/p>\n<p style=\"text-align: justify;\">\u010co \u0165a \u010dak\u00e1?<\/p>\n<ul style=\"text-align: justify;\">\n<li>Debata o p\u00edsan\u00ed a literat\u00fare<\/li>\n<li>Cvi\u010denia na podporu tvojej kreativity<\/li>\n<li>Zdie\u013eanie tvorby v priate\u013eskom prostred\u00ed<\/li>\n<li>In\u0161pir\u00e1cia od sk\u00fasenej\u0161\u00edch autorov<\/li>\n<\/ul>\n<p style=\"text-align: justify;\"><strong>Spisopriatelia<\/strong>\u00a0\u2013 to je komunita autorov a autoriek v pozad\u00ed podcastu Aj ty m\u00f4\u017ee\u0161 p\u00edsa\u0165. Ke\u010f sme zistili, \u017ee n\u00e1m Marekov podcast pom\u00e1ha napredova\u0165 v p\u00edsan\u00ed. Stretli sme sa s n\u00edm a dohodli sa, \u017ee chceme tak\u00fato pomoc pon\u00faknu\u0165 v\u0161etk\u00fdm. Odvtedy spolo\u010dne vym\u00fd\u0161\u013eame aktivity, ktor\u00e9 n\u00e1m aj tebe pom\u00e1haj\u00fa by\u0165 lep\u0161\u00edmi autormi prostredn\u00edctvom n\u00e1\u0161ho ob\u010dianskeho zdru\u017eenia Spisopriatelia. (<a href=\"https:\/\/www.spisopriatelia.sk\/\">spisopriatelia.sk<\/a>)<\/p>\n","protected":false},"excerpt":{"rendered":"<p>Chce\u0161 vyhr\u00e1va\u0165 liter\u00e1rne s\u00fa\u0165a\u017ee alebo \u0165a bav\u00ed p\u00edsa\u0165 len tak do \u0161ufl\u00edka? Ch\u00fdba ti sp\u00e4tn\u00e1 v\u00e4zba na tvoju tvorbu? H\u013ead\u00e1\u0161 komunitu, ktor\u00e1 tvoje p\u00edsanie posunie o level vy\u0161\u0161ie a otvor\u00ed nov\u00e9 mo\u017enosti? Pridaj sa k spisopriate\u013eom vo \u0161tvrtok 13. febru\u00e1ra o 16:00\u00a0v Krajskej kni\u017enici v \u017diline. \u010co \u0165a \u010dak\u00e1? Debata o p\u00edsan\u00ed a literat\u00fare Cvi\u010denia &#8230; <a title=\"Spisopriatelia \u2013 febru\u00e1r\" class=\"read-more\" href=\"https:\/\/www.krajskakniznicazilina.sk\/index.php\/2026\/01\/27\/spisopriatelia-februar\/\" aria-label=\"Pre\u010d\u00edtajte si viac o Spisopriatelia \u2013 febru\u00e1r\">\u010c\u00edta\u0165 viac<\/a><\/p>\n","protected":false},"author":1,"featured_media":0,"comment_status":"open","ping_status":"open","sticky":false,"template":"","format":"image","meta":{"footnotes":""},"categories":[23,12],"tags":[],"class_list":["post-16580","post","type-post","status-publish","format-image","hentry","category-klub","category-podujatie","post_format-post-format-image"],"_links":{"self":[{"href":"https:\/\/www.krajskakniznicazilina.sk\/index.php\/wp-json\/wp\/v2\/posts\/16580","targetHints":{"allow":["GET"]}}],"collection":[{"href":"https:\/\/www.krajskakniznicazilina.sk\/index.php\/wp-json\/wp\/v2\/posts"}],"about":[{"href":"https:\/\/www.krajskakniznicazilina.sk\/index.php\/wp-json\/wp\/v2\/types\/post"}],"author":[{"embeddable":true,"href":"https:\/\/www.krajskakniznicazilina.sk\/index.php\/wp-json\/wp\/v2\/users\/1"}],"replies":[{"embeddable":true,"href":"https:\/\/www.krajskakniznicazilina.sk\/index.php\/wp-json\/wp\/v2\/comments?post=16580"}],"version-history":[{"count":2,"href":"https:\/\/www.krajskakniznicazilina.sk\/index.php\/wp-json\/wp\/v2\/posts\/16580\/revisions"}],"predecessor-version":[{"id":16601,"href":"https:\/\/www.krajskakniznicazilina.sk\/index.php\/wp-json\/wp\/v2\/posts\/16580\/revisions\/16601"}],"wp:attachment":[{"href":"https:\/\/www.krajskakniznicazilina.sk\/index.php\/wp-json\/wp\/v2\/media?parent=16580"}],"wp:term":[{"taxonomy":"category","embeddable":true,"href":"https:\/\/www.krajskakniznicazilina.sk\/index.php\/wp-json\/wp\/v2\/categories?post=16580"},{"taxonomy":"post_tag","embeddable":true,"href":"https:\/\/www.krajskakniznicazilina.sk\/index.php\/wp-json\/wp\/v2\/tags?post=16580"}],"curies":[{"name":"wp","href":"https:\/\/api.w.org\/{rel}","templated":true}]}}