{"id":16590,"date":"2026-01-27T11:10:16","date_gmt":"2026-01-27T10:10:16","guid":{"rendered":"https:\/\/www.krajskakniznicazilina.sk\/?p=16590"},"modified":"2026-01-27T14:21:22","modified_gmt":"2026-01-27T13:21:22","slug":"1-nominacie-na-knihu-horneho-povazia-2025","status":"publish","type":"post","link":"https:\/\/www.krajskakniznicazilina.sk\/index.php\/2026\/01\/27\/1-nominacie-na-knihu-horneho-povazia-2025\/","title":{"rendered":"1. nomin\u00e1cie na Knihu Horn\u00e9ho Pova\u017eia 2025"},"content":{"rendered":"<p style=\"text-align: justify;\">Do 24. febru\u00e1ra 2026 m\u00e1te mo\u017enos\u0165 nominova\u0165 knihy do s\u00fa\u0165a\u017ee Kniha Horn\u00e9ho Pova\u017eia 2025 \u2013\u00a0<strong><a href=\"https:\/\/forms.gle\/q4cGxwJHxYFo8c3d9\">https:\/\/forms.gle\/q4cGxwJHxYFo8c3d9<\/a>. <\/strong>Nominovan\u00e9 m\u00f4\u017eu by\u0165 knihy, ktor\u00e9 boli vydan\u00e9 v roku 2025, s\u00fa sp\u00e4t\u00e9 s regi\u00f3nom Horn\u00e9ho Pova\u017eia tematicky alebo osobou autora textovej \u010di obrazovej \u010dasti a bolo im pridelen\u00e9 ISBN (<a href=\"https:\/\/www.krajskakniznicazilina.sk\/menu\/prekniz\/knihaHP\/khp2025prav.pdf\"><strong>pravidl\u00e1 s\u00fa\u0165a\u017ee<\/strong><\/a>).<\/p>\n<p><strong style=\"text-align: justify;\">Online nomina\u010dn\u00fd list<\/strong><span style=\"text-align: justify;\">\u00a0m\u00f4\u017eete vyplni\u0165 na tejto adrese:\u00a0 <\/span><strong style=\"text-align: justify;\"><a href=\"https:\/\/forms.gle\/q4cGxwJHxYFo8c3d9\">https:\/\/forms.gle\/q4cGxwJHxYFo8c3d9<\/a><\/strong><\/p>\n<p style=\"text-align: justify;\">Aktu\u00e1lne s\u00fa nominovan\u00e9 (<a href=\"https:\/\/www.krajskakniznicazilina.sk\/menu\/prekniz\/knihaHP\/khp2025nom1.pdf\">pdf<\/a>):<\/p>\n<p><span style=\"text-align: justify;\"><a style=\"text-align: justify;\" href=\"https:\/\/www.krajskakniznicazilina.sk\/clanky\/2026\/02\/khp1nom.jpg\"><img decoding=\"async\" class=\"alignleft size-thumbnail\" src=\"https:\/\/www.krajskakniznicazilina.sk\/clanky\/2026\/02\/khp1nom.jpg\" alt=\"fotografia\" width=\"50%\" height=\"50%\" \/><\/a><\/span><\/p>\n<ul style=\"text-align: justify;\">\n<li>Boris Bros &#8211; Ma\u013eovan\u00e9 \u010ci\u010dmany<\/li>\n<li>Martin Tur\u00f3ci, \u0160tefan Osika &#8211; Cesta padl\u00fdch hrdinov, sprievodca po stop\u00e1ch SNP v\u00a0Rajeckej doline<\/li>\n<li>Jaroslav Hore\u010dn\u00fd &#8211; Z\u00e1znamy z\u00a0osobn\u00e9ho z\u00e1pisn\u00edka<\/li>\n<li>Peter Huba &#8211; Orava v\u00a0povestiach<\/li>\n<li>J\u00e1n Lacika &#8211; Putovanie za poves\u0165ami (3). Hore V\u00e1hom do \u017diliny<\/li>\n<li>Evita Twardzik &#8211; Dunaj k\u00a0va\u0161im slu\u017eb\u00e1m<\/li>\n<\/ul>\n<p style=\"text-align: justify;\">Vide\u00e1 kn\u00edh z 1. nomin\u00e1ci\u00ed:<!--more--><\/p>\n<p><iframe loading=\"lazy\" title=\"Kniha Horn\u00e9ho Pova\u017eia 2025 - 1. nomin\u00e1cie\" width=\"1200\" height=\"675\" src=\"https:\/\/www.youtube.com\/embed\/5olQNmjOFKs?feature=oembed\" frameborder=\"0\" allow=\"accelerometer; autoplay; clipboard-write; encrypted-media; gyroscope; picture-in-picture; web-share\" referrerpolicy=\"strict-origin-when-cross-origin\" allowfullscreen><\/iframe><\/p>\n","protected":false},"excerpt":{"rendered":"<p>Do 24. febru\u00e1ra 2026 m\u00e1te mo\u017enos\u0165 nominova\u0165 knihy do s\u00fa\u0165a\u017ee Kniha Horn\u00e9ho Pova\u017eia 2025 \u2013\u00a0https:\/\/forms.gle\/q4cGxwJHxYFo8c3d9. Nominovan\u00e9 m\u00f4\u017eu by\u0165 knihy, ktor\u00e9 boli vydan\u00e9 v roku 2025, s\u00fa sp\u00e4t\u00e9 s regi\u00f3nom Horn\u00e9ho Pova\u017eia tematicky alebo osobou autora textovej \u010di obrazovej \u010dasti a bolo im pridelen\u00e9 ISBN (pravidl\u00e1 s\u00fa\u0165a\u017ee). Online nomina\u010dn\u00fd list\u00a0m\u00f4\u017eete vyplni\u0165 na tejto adrese:\u00a0 https:\/\/forms.gle\/q4cGxwJHxYFo8c3d9 Aktu\u00e1lne &#8230; <a title=\"1. nomin\u00e1cie na Knihu Horn\u00e9ho Pova\u017eia 2025\" class=\"read-more\" href=\"https:\/\/www.krajskakniznicazilina.sk\/index.php\/2026\/01\/27\/1-nominacie-na-knihu-horneho-povazia-2025\/\" aria-label=\"Pre\u010d\u00edtajte si viac o 1. nomin\u00e1cie na Knihu Horn\u00e9ho Pova\u017eia 2025\">\u010c\u00edta\u0165 viac<\/a><\/p>\n","protected":false},"author":1,"featured_media":0,"comment_status":"open","ping_status":"open","sticky":false,"template":"","format":"image","meta":{"footnotes":""},"categories":[40,16],"tags":[],"class_list":["post-16590","post","type-post","status-publish","format-image","hentry","category-kniha-horneho-povazia","category-sutaz","post_format-post-format-image"],"_links":{"self":[{"href":"https:\/\/www.krajskakniznicazilina.sk\/index.php\/wp-json\/wp\/v2\/posts\/16590","targetHints":{"allow":["GET"]}}],"collection":[{"href":"https:\/\/www.krajskakniznicazilina.sk\/index.php\/wp-json\/wp\/v2\/posts"}],"about":[{"href":"https:\/\/www.krajskakniznicazilina.sk\/index.php\/wp-json\/wp\/v2\/types\/post"}],"author":[{"embeddable":true,"href":"https:\/\/www.krajskakniznicazilina.sk\/index.php\/wp-json\/wp\/v2\/users\/1"}],"replies":[{"embeddable":true,"href":"https:\/\/www.krajskakniznicazilina.sk\/index.php\/wp-json\/wp\/v2\/comments?post=16590"}],"version-history":[{"count":10,"href":"https:\/\/www.krajskakniznicazilina.sk\/index.php\/wp-json\/wp\/v2\/posts\/16590\/revisions"}],"predecessor-version":[{"id":16605,"href":"https:\/\/www.krajskakniznicazilina.sk\/index.php\/wp-json\/wp\/v2\/posts\/16590\/revisions\/16605"}],"wp:attachment":[{"href":"https:\/\/www.krajskakniznicazilina.sk\/index.php\/wp-json\/wp\/v2\/media?parent=16590"}],"wp:term":[{"taxonomy":"category","embeddable":true,"href":"https:\/\/www.krajskakniznicazilina.sk\/index.php\/wp-json\/wp\/v2\/categories?post=16590"},{"taxonomy":"post_tag","embeddable":true,"href":"https:\/\/www.krajskakniznicazilina.sk\/index.php\/wp-json\/wp\/v2\/tags?post=16590"}],"curies":[{"name":"wp","href":"https:\/\/api.w.org\/{rel}","templated":true}]}}