{"id":1682,"date":"2018-05-29T16:18:41","date_gmt":"2018-05-29T14:18:41","guid":{"rendered":"http:\/\/www.krajskakniznicazilina.sk\/?p=1682"},"modified":"2018-05-29T16:36:44","modified_gmt":"2018-05-29T14:36:44","slug":"cele-slovensko-cita-detom","status":"publish","type":"post","link":"https:\/\/www.krajskakniznicazilina.sk\/index.php\/2018\/05\/29\/cele-slovensko-cita-detom\/","title":{"rendered":"Cel\u00e9 Slovensko \u010d\u00edta de\u0165om"},"content":{"rendered":"<p style=\"text-align: justify;\"><a href=\"http:\/\/www.krajskakniznicazilina.sk\/clanky\/2018\/06\/slovCitDet.jpg\"><img decoding=\"async\" class=\"alignright\" src=\"http:\/\/www.krajskakniznicazilina.sk\/clanky\/2018\/06\/slovCitDet.jpg\" alt=\"Cel\u00e9 Slovensko \u010d\u00edta de\u0165om\" width=\"50%\" height=\"50%\" \/><\/a>Projekt na podporu \u010d\u00edtania det\u00ed pod n\u00e1zvom Cel\u00e9 Slovensko \u010d\u00edta de\u0165om sa kon\u00e1 ka\u017edoro\u010dne na viacer\u00fdch miestach Slovenska. V\u00a0Krajskej kni\u017enici v\u00a0\u017diline bud\u00fa de\u0165om \u010d\u00edta\u0165 Erik Bal\u00e1\u017e, ochran\u00e1r a\u00a0film\u00e1r; Michal Chmeliar, cestovate\u013e a\u00a0pozorovate\u013e ve\u013er\u00fdb a spisovate\u013eka\u00a0Lucia S\u00e1rk\u00f6ziov\u00e1. Budeme \u010d\u00edta\u0165 z\u00a0knihy Gr\u00e9ta od Andrey Gregu\u0161ovej a\u00a0budeme hovori\u0165 nielen o\u00a0knih\u00e1ch a\u00a0ve\u013eryb\u00e1ch, ale aj o\u00a0d\u00f4le\u017eitosti ochrany \u017eivotn\u00e9ho prostredia. Te\u0161\u00edme sa na v\u00e1s v\u00a0pondelok <strong>4. j\u00fana o\u00a010:00<\/strong>.<\/p>\n","protected":false},"excerpt":{"rendered":"<p>Projekt na podporu \u010d\u00edtania det\u00ed pod n\u00e1zvom Cel\u00e9 Slovensko \u010d\u00edta de\u0165om sa kon\u00e1 ka\u017edoro\u010dne na viacer\u00fdch miestach Slovenska. V\u00a0Krajskej kni\u017enici v\u00a0\u017diline bud\u00fa de\u0165om \u010d\u00edta\u0165 Erik Bal\u00e1\u017e, ochran\u00e1r a\u00a0film\u00e1r; Michal Chmeliar, cestovate\u013e a\u00a0pozorovate\u013e ve\u013er\u00fdb a spisovate\u013eka\u00a0Lucia S\u00e1rk\u00f6ziov\u00e1. Budeme \u010d\u00edta\u0165 z\u00a0knihy Gr\u00e9ta od Andrey Gregu\u0161ovej a\u00a0budeme hovori\u0165 nielen o\u00a0knih\u00e1ch a\u00a0ve\u013eryb\u00e1ch, ale aj o\u00a0d\u00f4le\u017eitosti ochrany \u017eivotn\u00e9ho prostredia. Te\u0161\u00edme &#8230; <a title=\"Cel\u00e9 Slovensko \u010d\u00edta de\u0165om\" class=\"read-more\" href=\"https:\/\/www.krajskakniznicazilina.sk\/index.php\/2018\/05\/29\/cele-slovensko-cita-detom\/\" aria-label=\"Pre\u010d\u00edtajte si viac o Cel\u00e9 Slovensko \u010d\u00edta de\u0165om\">\u010c\u00edta\u0165 viac<\/a><\/p>\n","protected":false},"author":1,"featured_media":0,"comment_status":"open","ping_status":"open","sticky":false,"template":"","format":"image","meta":{"footnotes":""},"categories":[12],"tags":[],"class_list":["post-1682","post","type-post","status-publish","format-image","hentry","category-podujatie","post_format-post-format-image"],"_links":{"self":[{"href":"https:\/\/www.krajskakniznicazilina.sk\/index.php\/wp-json\/wp\/v2\/posts\/1682","targetHints":{"allow":["GET"]}}],"collection":[{"href":"https:\/\/www.krajskakniznicazilina.sk\/index.php\/wp-json\/wp\/v2\/posts"}],"about":[{"href":"https:\/\/www.krajskakniznicazilina.sk\/index.php\/wp-json\/wp\/v2\/types\/post"}],"author":[{"embeddable":true,"href":"https:\/\/www.krajskakniznicazilina.sk\/index.php\/wp-json\/wp\/v2\/users\/1"}],"replies":[{"embeddable":true,"href":"https:\/\/www.krajskakniznicazilina.sk\/index.php\/wp-json\/wp\/v2\/comments?post=1682"}],"version-history":[{"count":1,"href":"https:\/\/www.krajskakniznicazilina.sk\/index.php\/wp-json\/wp\/v2\/posts\/1682\/revisions"}],"predecessor-version":[{"id":1683,"href":"https:\/\/www.krajskakniznicazilina.sk\/index.php\/wp-json\/wp\/v2\/posts\/1682\/revisions\/1683"}],"wp:attachment":[{"href":"https:\/\/www.krajskakniznicazilina.sk\/index.php\/wp-json\/wp\/v2\/media?parent=1682"}],"wp:term":[{"taxonomy":"category","embeddable":true,"href":"https:\/\/www.krajskakniznicazilina.sk\/index.php\/wp-json\/wp\/v2\/categories?post=1682"},{"taxonomy":"post_tag","embeddable":true,"href":"https:\/\/www.krajskakniznicazilina.sk\/index.php\/wp-json\/wp\/v2\/tags?post=1682"}],"curies":[{"name":"wp","href":"https:\/\/api.w.org\/{rel}","templated":true}]}}