{"id":1684,"date":"2018-05-30T17:24:40","date_gmt":"2018-05-30T15:24:40","guid":{"rendered":"http:\/\/www.krajskakniznicazilina.sk\/?p=1684"},"modified":"2018-05-31T11:36:44","modified_gmt":"2018-05-31T09:36:44","slug":"tak-to-vidime-my","status":"publish","type":"post","link":"https:\/\/www.krajskakniznicazilina.sk\/index.php\/2018\/05\/30\/tak-to-vidime-my\/","title":{"rendered":"Tak to vid\u00edme my"},"content":{"rendered":"<p style=\"text-align: justify;\"><a href=\"http:\/\/www.krajskakniznicazilina.sk\/clanky\/2018\/06\/takTovid%C3%ADmeMY.jpg\"><img decoding=\"async\" class=\"alignleft\" src=\"http:\/\/www.krajskakniznicazilina.sk\/clanky\/2018\/06\/takTovid%C3%ADmeMY.jpg\" alt=\"Tak to vid\u00edme my\" width=\"25%\" height=\"25%\" \/><\/a><br \/>\nAko vidia svet telesne postihnut\u00ed? Ako vyzer\u00e1 svet nielen z voz\u00ed\u010dka si m\u00f4\u017eete pozrie\u0165 na prvom ro\u010dn\u00edku v\u00fdstavy fotografi\u00ed Slovensk\u00e9ho zv\u00e4zu telesne postihnut\u00fdch. V\u00fdstava bude in\u0161talovan\u00e1 v Krajskej kni\u017enici v \u017diline do konca j\u00fana. <strong>Otvorenie v\u00fdstavy<\/strong> sa uskuto\u010dn\u00ed v pondelok <strong>4. j\u00fana o 16:00<\/strong>.<\/p>\n","protected":false},"excerpt":{"rendered":"<p>Ako vidia svet telesne postihnut\u00ed? Ako vyzer\u00e1 svet nielen z voz\u00ed\u010dka si m\u00f4\u017eete pozrie\u0165 na prvom ro\u010dn\u00edku v\u00fdstavy fotografi\u00ed Slovensk\u00e9ho zv\u00e4zu telesne postihnut\u00fdch. V\u00fdstava bude in\u0161talovan\u00e1 v Krajskej kni\u017enici v \u017diline do konca j\u00fana. Otvorenie v\u00fdstavy sa uskuto\u010dn\u00ed v pondelok 4. j\u00fana o 16:00.<\/p>\n","protected":false},"author":1,"featured_media":0,"comment_status":"open","ping_status":"open","sticky":false,"template":"","format":"image","meta":{"footnotes":""},"categories":[15],"tags":[],"class_list":["post-1684","post","type-post","status-publish","format-image","hentry","category-vystava","post_format-post-format-image"],"_links":{"self":[{"href":"https:\/\/www.krajskakniznicazilina.sk\/index.php\/wp-json\/wp\/v2\/posts\/1684","targetHints":{"allow":["GET"]}}],"collection":[{"href":"https:\/\/www.krajskakniznicazilina.sk\/index.php\/wp-json\/wp\/v2\/posts"}],"about":[{"href":"https:\/\/www.krajskakniznicazilina.sk\/index.php\/wp-json\/wp\/v2\/types\/post"}],"author":[{"embeddable":true,"href":"https:\/\/www.krajskakniznicazilina.sk\/index.php\/wp-json\/wp\/v2\/users\/1"}],"replies":[{"embeddable":true,"href":"https:\/\/www.krajskakniznicazilina.sk\/index.php\/wp-json\/wp\/v2\/comments?post=1684"}],"version-history":[{"count":3,"href":"https:\/\/www.krajskakniznicazilina.sk\/index.php\/wp-json\/wp\/v2\/posts\/1684\/revisions"}],"predecessor-version":[{"id":1717,"href":"https:\/\/www.krajskakniznicazilina.sk\/index.php\/wp-json\/wp\/v2\/posts\/1684\/revisions\/1717"}],"wp:attachment":[{"href":"https:\/\/www.krajskakniznicazilina.sk\/index.php\/wp-json\/wp\/v2\/media?parent=1684"}],"wp:term":[{"taxonomy":"category","embeddable":true,"href":"https:\/\/www.krajskakniznicazilina.sk\/index.php\/wp-json\/wp\/v2\/categories?post=1684"},{"taxonomy":"post_tag","embeddable":true,"href":"https:\/\/www.krajskakniznicazilina.sk\/index.php\/wp-json\/wp\/v2\/tags?post=1684"}],"curies":[{"name":"wp","href":"https:\/\/api.w.org\/{rel}","templated":true}]}}