{"id":16845,"date":"2026-03-12T07:02:39","date_gmt":"2026-03-12T06:02:39","guid":{"rendered":"https:\/\/www.krajskakniznicazilina.sk\/?p=16845"},"modified":"2026-03-19T12:16:31","modified_gmt":"2026-03-19T11:16:31","slug":"tvorivy-klub-velkonocne-prekvapenie","status":"publish","type":"post","link":"https:\/\/www.krajskakniznicazilina.sk\/index.php\/2026\/03\/12\/tvorivy-klub-velkonocne-prekvapenie\/","title":{"rendered":"Tvoriv\u00fd klub \/ Ve\u013ekono\u010dn\u00e9 prekvapenie"},"content":{"rendered":"<p style=\"text-align: justify;\"><a href=\"https:\/\/www.krajskakniznicazilina.sk\/clanky\/2026\/03\/Tvoriv%C3%BD%20klub%203b.jpg\"><img decoding=\"async\" class=\"alignleft size-full\" src=\"https:\/\/www.krajskakniznicazilina.sk\/clanky\/2026\/03\/Tvoriv%C3%BD%20klub%203b.jpg\" alt=\"plag\u00e1t\" width=\"40%\" height=\"40%\" \/><\/a>Ve\u013ek\u00e1 noc sa n\u00e1m bl\u00ed\u017ei a s \u0148ou prich\u00e1dza \u010das na tvorenie dekor\u00e1ci\u00ed do n\u00e1\u0161ho domova. Ponorte sa do sveta ru\u010dnej pr\u00e1ce a vytvorte si s nami ve\u013ekono\u010dn\u00fa pohodu. <strong>26. marca o 13:45<\/strong> bud\u00fa k dispoz\u00edcii pre v\u00e1s dva origin\u00e1lne n\u00e1vody v\u010faka ktor\u00fdm va\u0161e b\u00fdvanie doslova rozkvitne. Budeme si spolo\u010dne tvori\u0165 dekor\u00e1cie z kart\u00f3nu &#8211; ve\u013ekono\u010dn\u00e9ho zajaca alebo vaj\u00ed\u010dko.<\/p>\n<p style=\"text-align: justify;\">Podujatie je vhodn\u00e9 pre v\u0161etk\u00fdch z\u00e1ujemcov od 12 rokov. Podmienkou je platn\u00fd \u010ditate\u013esk\u00fd preukaz do Krajskej kni\u017enice v \u017diline. Pr\u00edspevok na materi\u00e1l je <strong>3 \u20ac<\/strong>. Je nutn\u00e9 sa vopred prihl\u00e1si\u0165 e-mailom: <strong><a href=\"mailto:tvorivedielne@krajskakniznicazilina.sk\">tvorivedielne@krajskakniznicazilina.sk\u00a0<\/a><\/strong><\/p>\n","protected":false},"excerpt":{"rendered":"<p>Ve\u013ek\u00e1 noc sa n\u00e1m bl\u00ed\u017ei a s \u0148ou prich\u00e1dza \u010das na tvorenie dekor\u00e1ci\u00ed do n\u00e1\u0161ho domova. Ponorte sa do sveta ru\u010dnej pr\u00e1ce a vytvorte si s nami ve\u013ekono\u010dn\u00fa pohodu. 26. marca o 13:45 bud\u00fa k dispoz\u00edcii pre v\u00e1s dva origin\u00e1lne n\u00e1vody v\u010faka ktor\u00fdm va\u0161e b\u00fdvanie doslova rozkvitne. Budeme si spolo\u010dne tvori\u0165 dekor\u00e1cie z kart\u00f3nu &#8211; &#8230; <a title=\"Tvoriv\u00fd klub \/ Ve\u013ekono\u010dn\u00e9 prekvapenie\" class=\"read-more\" href=\"https:\/\/www.krajskakniznicazilina.sk\/index.php\/2026\/03\/12\/tvorivy-klub-velkonocne-prekvapenie\/\" aria-label=\"Pre\u010d\u00edtajte si viac o Tvoriv\u00fd klub \/ Ve\u013ekono\u010dn\u00e9 prekvapenie\">\u010c\u00edta\u0165 viac<\/a><\/p>\n","protected":false},"author":1,"featured_media":0,"comment_status":"open","ping_status":"open","sticky":false,"template":"","format":"image","meta":{"footnotes":""},"categories":[23,12,37],"tags":[],"class_list":["post-16845","post","type-post","status-publish","format-image","hentry","category-klub","category-podujatie","category-tvorivy-klub","post_format-post-format-image"],"_links":{"self":[{"href":"https:\/\/www.krajskakniznicazilina.sk\/index.php\/wp-json\/wp\/v2\/posts\/16845","targetHints":{"allow":["GET"]}}],"collection":[{"href":"https:\/\/www.krajskakniznicazilina.sk\/index.php\/wp-json\/wp\/v2\/posts"}],"about":[{"href":"https:\/\/www.krajskakniznicazilina.sk\/index.php\/wp-json\/wp\/v2\/types\/post"}],"author":[{"embeddable":true,"href":"https:\/\/www.krajskakniznicazilina.sk\/index.php\/wp-json\/wp\/v2\/users\/1"}],"replies":[{"embeddable":true,"href":"https:\/\/www.krajskakniznicazilina.sk\/index.php\/wp-json\/wp\/v2\/comments?post=16845"}],"version-history":[{"count":2,"href":"https:\/\/www.krajskakniznicazilina.sk\/index.php\/wp-json\/wp\/v2\/posts\/16845\/revisions"}],"predecessor-version":[{"id":16965,"href":"https:\/\/www.krajskakniznicazilina.sk\/index.php\/wp-json\/wp\/v2\/posts\/16845\/revisions\/16965"}],"wp:attachment":[{"href":"https:\/\/www.krajskakniznicazilina.sk\/index.php\/wp-json\/wp\/v2\/media?parent=16845"}],"wp:term":[{"taxonomy":"category","embeddable":true,"href":"https:\/\/www.krajskakniznicazilina.sk\/index.php\/wp-json\/wp\/v2\/categories?post=16845"},{"taxonomy":"post_tag","embeddable":true,"href":"https:\/\/www.krajskakniznicazilina.sk\/index.php\/wp-json\/wp\/v2\/tags?post=16845"}],"curies":[{"name":"wp","href":"https:\/\/api.w.org\/{rel}","templated":true}]}}