{"id":16884,"date":"2026-03-10T07:01:15","date_gmt":"2026-03-10T06:01:15","guid":{"rendered":"https:\/\/www.krajskakniznicazilina.sk\/?p=16884"},"modified":"2026-03-16T11:02:50","modified_gmt":"2026-03-16T10:02:50","slug":"prednaska-o-financnej-gramotnosti","status":"publish","type":"post","link":"https:\/\/www.krajskakniznicazilina.sk\/index.php\/2026\/03\/10\/prednaska-o-financnej-gramotnosti\/","title":{"rendered":"Predn\u00e1\u0161ka o\u00a0finan\u010dnej gramotnosti"},"content":{"rendered":"<p style=\"text-align: justify;\"><a href=\"https:\/\/www.krajskakniznicazilina.sk\/clanky\/2026\/03\/predn%C3%A1%C5%A1ka%20o%20finan%C4%8Dnej.jpg\"><img decoding=\"async\" class=\"alignright size-full\" src=\"https:\/\/www.krajskakniznicazilina.sk\/clanky\/2026\/03\/predn%C3%A1%C5%A1ka%20o%20finan%C4%8Dnej.jpg\" alt=\"plag\u00e1t\" width=\"40%\" height=\"40%\" \/><\/a>Kni\u017enice s\u00fa miestom, kde sa stret\u00e1vaj\u00fa \u013eudia, n\u00e1pady a vzdel\u00e1vanie, zohr\u00e1vaj\u00fa d\u00f4le\u017eit\u00fa \u00falohu v komunitnom vzdel\u00e1van\u00ed. Medzin\u00e1rodn\u00e1 kampa\u0148 Global Money Week 2026 u\u017e 14 rokov upozor\u0148uje na v\u00fdznam finan\u010dnej gramotnosti a potrebu finan\u010dn\u00e9ho vzdel\u00e1vania.<\/p>\n<p style=\"text-align: justify;\">Aj Krajsk\u00e1 kni\u017enica v \u017diline sa zapojila do T\u00fd\u017ed\u0148a finan\u010dnej gramotnosti a verejnos\u0165 srde\u010dne poz\u00fdva na predn\u00e1\u0161ku o finan\u010dnej gramotnosti vo \u0161tvrtok<strong> 19. marca o 16:30.<\/strong> Bude to pr\u00edle\u017eitos\u0165 otvori\u0165 finan\u010dn\u00e9 t\u00e9my, ako peniaze v\u00fdrazn\u00fdm sp\u00f4sobom ovplyv\u0148uj\u00fa kvalitu n\u00e1\u0161ho \u017eivota a v kone\u010dnom d\u00f4sledku rozhoduj\u00fa o tom, ak\u00fd \u017eivot budeme \u017ei\u0165. Te\u0161\u00edme sa na va\u0161u n\u00e1v\u0161tevu, dozviete sa viac aj o tom ako finan\u010dne pl\u00e1nova\u0165, ako zhodnoti\u0165 svoje financie, \u010di a ako spr\u00e1vne ochr\u00e1ni\u0165 seba a svoj majetok. S\u00fa\u010das\u0165ou bude aj v\u00fdstava kn\u00edh o financi\u00e1ch na n\u00e1u\u010dnom oddelen\u00ed. Predn\u00e1\u0161ku vedie odborn\u00ed\u010dka z Partners Group.<!--more--><\/p>\n<p><a href=\"https:\/\/www.krajskakniznicazilina.sk\/wp-content\/uploads\/2026\/03\/GMW-2026_Partner_Univerzal_post_square.png\"><img decoding=\"async\" class=\"alignnone size-full wp-image-16928\" src=\"https:\/\/www.krajskakniznicazilina.sk\/wp-content\/uploads\/2026\/03\/GMW-2026_Partner_Univerzal_post_square.png\" alt=\"\" width=\"40%\" height=\"40%\" srcset=\"https:\/\/www.krajskakniznicazilina.sk\/wp-content\/uploads\/2026\/03\/GMW-2026_Partner_Univerzal_post_square.png 1080w, https:\/\/www.krajskakniznicazilina.sk\/wp-content\/uploads\/2026\/03\/GMW-2026_Partner_Univerzal_post_square-300x300.png 300w, https:\/\/www.krajskakniznicazilina.sk\/wp-content\/uploads\/2026\/03\/GMW-2026_Partner_Univerzal_post_square-1024x1024.png 1024w, https:\/\/www.krajskakniznicazilina.sk\/wp-content\/uploads\/2026\/03\/GMW-2026_Partner_Univerzal_post_square-150x150.png 150w, https:\/\/www.krajskakniznicazilina.sk\/wp-content\/uploads\/2026\/03\/GMW-2026_Partner_Univerzal_post_square-768x768.png 768w\" sizes=\"(max-width: 1080px) 100vw, 1080px\" \/><\/a><\/p>\n","protected":false},"excerpt":{"rendered":"<p>Kni\u017enice s\u00fa miestom, kde sa stret\u00e1vaj\u00fa \u013eudia, n\u00e1pady a vzdel\u00e1vanie, zohr\u00e1vaj\u00fa d\u00f4le\u017eit\u00fa \u00falohu v komunitnom vzdel\u00e1van\u00ed. Medzin\u00e1rodn\u00e1 kampa\u0148 Global Money Week 2026 u\u017e 14 rokov upozor\u0148uje na v\u00fdznam finan\u010dnej gramotnosti a potrebu finan\u010dn\u00e9ho vzdel\u00e1vania. Aj Krajsk\u00e1 kni\u017enica v \u017diline sa zapojila do T\u00fd\u017ed\u0148a finan\u010dnej gramotnosti a verejnos\u0165 srde\u010dne poz\u00fdva na predn\u00e1\u0161ku o finan\u010dnej gramotnosti vo &#8230; <a title=\"Predn\u00e1\u0161ka o\u00a0finan\u010dnej gramotnosti\" class=\"read-more\" href=\"https:\/\/www.krajskakniznicazilina.sk\/index.php\/2026\/03\/10\/prednaska-o-financnej-gramotnosti\/\" aria-label=\"Pre\u010d\u00edtajte si viac o Predn\u00e1\u0161ka o\u00a0finan\u010dnej gramotnosti\">\u010c\u00edta\u0165 viac<\/a><\/p>\n","protected":false},"author":1,"featured_media":0,"comment_status":"open","ping_status":"open","sticky":false,"template":"","format":"image","meta":{"footnotes":""},"categories":[12,22],"tags":[],"class_list":["post-16884","post","type-post","status-publish","format-image","hentry","category-podujatie","category-prednaska","post_format-post-format-image"],"_links":{"self":[{"href":"https:\/\/www.krajskakniznicazilina.sk\/index.php\/wp-json\/wp\/v2\/posts\/16884","targetHints":{"allow":["GET"]}}],"collection":[{"href":"https:\/\/www.krajskakniznicazilina.sk\/index.php\/wp-json\/wp\/v2\/posts"}],"about":[{"href":"https:\/\/www.krajskakniznicazilina.sk\/index.php\/wp-json\/wp\/v2\/types\/post"}],"author":[{"embeddable":true,"href":"https:\/\/www.krajskakniznicazilina.sk\/index.php\/wp-json\/wp\/v2\/users\/1"}],"replies":[{"embeddable":true,"href":"https:\/\/www.krajskakniznicazilina.sk\/index.php\/wp-json\/wp\/v2\/comments?post=16884"}],"version-history":[{"count":5,"href":"https:\/\/www.krajskakniznicazilina.sk\/index.php\/wp-json\/wp\/v2\/posts\/16884\/revisions"}],"predecessor-version":[{"id":16931,"href":"https:\/\/www.krajskakniznicazilina.sk\/index.php\/wp-json\/wp\/v2\/posts\/16884\/revisions\/16931"}],"wp:attachment":[{"href":"https:\/\/www.krajskakniznicazilina.sk\/index.php\/wp-json\/wp\/v2\/media?parent=16884"}],"wp:term":[{"taxonomy":"category","embeddable":true,"href":"https:\/\/www.krajskakniznicazilina.sk\/index.php\/wp-json\/wp\/v2\/categories?post=16884"},{"taxonomy":"post_tag","embeddable":true,"href":"https:\/\/www.krajskakniznicazilina.sk\/index.php\/wp-json\/wp\/v2\/tags?post=16884"}],"curies":[{"name":"wp","href":"https:\/\/api.w.org\/{rel}","templated":true}]}}