{"id":16898,"date":"2026-03-05T17:53:54","date_gmt":"2026-03-05T16:53:54","guid":{"rendered":"https:\/\/www.krajskakniznicazilina.sk\/?p=16898"},"modified":"2026-03-10T14:25:40","modified_gmt":"2026-03-10T13:25:40","slug":"ozvucovaci-system","status":"publish","type":"post","link":"https:\/\/www.krajskakniznicazilina.sk\/index.php\/2026\/03\/05\/ozvucovaci-system\/","title":{"rendered":"Ozvu\u010dovac\u00ed syst\u00e9m"},"content":{"rendered":"<p style=\"text-align: justify;\">V kni\u017enici bol v\u010faka realizovan\u00e9mu projektu (Obnova spolo\u010denskej a\u00a0rozpr\u00e1vkovej miestnosti Krajskej kni\u017enice v\u00a0\u017diline) \u00a0nain\u0161talovan\u00fd modern\u00fd ozvu\u010dovac\u00ed syst\u00e9m, ktor\u00fd pozost\u00e1va z dvoch mikrof\u00f3nov, jedn\u00e9ho mixpultu na stojane, dvoch reproduktorov na stojanoch a kompletnej kabel\u00e1\u017ee.<\/p>\n<p style=\"text-align: justify;\">Nov\u00e9 technick\u00e9 vybavenie v\u00fdrazne skvalitn\u00ed organizovanie kult\u00farnych a vzdel\u00e1vac\u00edch podujat\u00ed pre \u0161irok\u00fa verejnos\u0165. Zabezpe\u010d\u00ed zrozumite\u013en\u00fd a rovnomern\u00fd prenos hovoren\u00e9ho slova aj hudobn\u00fdch vstupov po\u010das liter\u00e1rnych besied, predn\u00e1\u0161ok, diskusi\u00ed \u010di komunitn\u00fdch stretnut\u00ed. Prispeje tak k vy\u0161\u0161iemu komfortu \u00fa\u010dastn\u00edkov a k profesion\u00e1lnej\u0161iemu priebehu podujat\u00ed. Projekt bol podporen\u00fd z verejn\u00fdch zdrojov. Hlavn\u00fdm partnerom bol Fond na podporu umenia (5 000 \u20ac), finan\u010dn\u00fa podporu poskytol aj \u017dilinsk\u00fd samospr\u00e1vny kraj (1 874 \u20ac). V\u010faka tejto podpore m\u00f4\u017ee kni\u017enica \u010falej rozv\u00edja\u0165 kvalitn\u00fa kult\u00farnu a vzdel\u00e1vaciu \u010dinnos\u0165 v meste i regi\u00f3ne.<\/p>\n<p><a href=\"https:\/\/www.krajskakniznicazilina.sk\/clanky\/2026\/03\/DSC_0944.JPG\"><img decoding=\"async\" class=\"alignleft size-full\" src=\"https:\/\/www.krajskakniznicazilina.sk\/clanky\/2026\/03\/DSC_0944.JPG\" alt=\"fotografia\" width=\"40%\" height=\"40%\" \/><\/a><a href=\"https:\/\/www.krajskakniznicazilina.sk\/clanky\/2026\/03\/DSC_0949.JPG\"><img decoding=\"async\" class=\"alignleft size-full\" src=\"https:\/\/www.krajskakniznicazilina.sk\/clanky\/2026\/03\/DSC_0949.JPG\" alt=\"fotografia\" width=\"40%\" height=\"40%\" \/><\/a> <a href=\"https:\/\/www.krajskakniznicazilina.sk\/clanky\/2026\/03\/DSC_0951.JPG\"><img decoding=\"async\" class=\"alignleft size-full\" src=\"https:\/\/www.krajskakniznicazilina.sk\/clanky\/2026\/03\/DSC_0951.JPG\" alt=\"fotografia\" width=\"40%\" height=\"40%\" \/><\/a><\/p>\n<p>&nbsp;<\/p>\n<p><a href=\"https:\/\/www.krajskakniznicazilina.sk\/clanky\/2026\/03\/DSC_0947.JPG\"><img decoding=\"async\" class=\"size-full alignleft\" src=\"https:\/\/www.krajskakniznicazilina.sk\/clanky\/2026\/03\/DSC_0947.JPG\" alt=\"fotografia\" width=\"25%\" height=\"25%\" \/><\/a> <a href=\"https:\/\/www.krajskakniznicazilina.sk\/clanky\/2026\/03\/DSC_0953.JPG\"><img decoding=\"async\" class=\"alignleft size-full\" src=\"https:\/\/www.krajskakniznicazilina.sk\/clanky\/2026\/03\/DSC_0953.JPG\" alt=\"fotografia\" width=\"25%\" height=\"25%\" \/><\/a><\/p>\n","protected":false},"excerpt":{"rendered":"<p>V kni\u017enici bol v\u010faka realizovan\u00e9mu projektu (Obnova spolo\u010denskej a\u00a0rozpr\u00e1vkovej miestnosti Krajskej kni\u017enice v\u00a0\u017diline) \u00a0nain\u0161talovan\u00fd modern\u00fd ozvu\u010dovac\u00ed syst\u00e9m, ktor\u00fd pozost\u00e1va z dvoch mikrof\u00f3nov, jedn\u00e9ho mixpultu na stojane, dvoch reproduktorov na stojanoch a kompletnej kabel\u00e1\u017ee. Nov\u00e9 technick\u00e9 vybavenie v\u00fdrazne skvalitn\u00ed organizovanie kult\u00farnych a vzdel\u00e1vac\u00edch podujat\u00ed pre \u0161irok\u00fa verejnos\u0165. Zabezpe\u010d\u00ed zrozumite\u013en\u00fd a rovnomern\u00fd prenos hovoren\u00e9ho slova aj hudobn\u00fdch &#8230; <a title=\"Ozvu\u010dovac\u00ed syst\u00e9m\" class=\"read-more\" href=\"https:\/\/www.krajskakniznicazilina.sk\/index.php\/2026\/03\/05\/ozvucovaci-system\/\" aria-label=\"Pre\u010d\u00edtajte si viac o Ozvu\u010dovac\u00ed syst\u00e9m\">\u010c\u00edta\u0165 viac<\/a><\/p>\n","protected":false},"author":1,"featured_media":0,"comment_status":"open","ping_status":"open","sticky":false,"template":"","format":"image","meta":{"footnotes":""},"categories":[1,68],"tags":[],"class_list":["post-16898","post","type-post","status-publish","format-image","hentry","category-oznam","category-projekt","post_format-post-format-image"],"_links":{"self":[{"href":"https:\/\/www.krajskakniznicazilina.sk\/index.php\/wp-json\/wp\/v2\/posts\/16898","targetHints":{"allow":["GET"]}}],"collection":[{"href":"https:\/\/www.krajskakniznicazilina.sk\/index.php\/wp-json\/wp\/v2\/posts"}],"about":[{"href":"https:\/\/www.krajskakniznicazilina.sk\/index.php\/wp-json\/wp\/v2\/types\/post"}],"author":[{"embeddable":true,"href":"https:\/\/www.krajskakniznicazilina.sk\/index.php\/wp-json\/wp\/v2\/users\/1"}],"replies":[{"embeddable":true,"href":"https:\/\/www.krajskakniznicazilina.sk\/index.php\/wp-json\/wp\/v2\/comments?post=16898"}],"version-history":[{"count":8,"href":"https:\/\/www.krajskakniznicazilina.sk\/index.php\/wp-json\/wp\/v2\/posts\/16898\/revisions"}],"predecessor-version":[{"id":16906,"href":"https:\/\/www.krajskakniznicazilina.sk\/index.php\/wp-json\/wp\/v2\/posts\/16898\/revisions\/16906"}],"wp:attachment":[{"href":"https:\/\/www.krajskakniznicazilina.sk\/index.php\/wp-json\/wp\/v2\/media?parent=16898"}],"wp:term":[{"taxonomy":"category","embeddable":true,"href":"https:\/\/www.krajskakniznicazilina.sk\/index.php\/wp-json\/wp\/v2\/categories?post=16898"},{"taxonomy":"post_tag","embeddable":true,"href":"https:\/\/www.krajskakniznicazilina.sk\/index.php\/wp-json\/wp\/v2\/tags?post=16898"}],"curies":[{"name":"wp","href":"https:\/\/api.w.org\/{rel}","templated":true}]}}