{"id":17088,"date":"2026-04-25T08:35:23","date_gmt":"2026-04-25T06:35:23","guid":{"rendered":"https:\/\/www.krajskakniznicazilina.sk\/?p=17088"},"modified":"2026-04-15T08:36:31","modified_gmt":"2026-04-15T06:36:31","slug":"farby-nasej-predstavivosti","status":"publish","type":"post","link":"https:\/\/www.krajskakniznicazilina.sk\/index.php\/2026\/04\/25\/farby-nasej-predstavivosti\/","title":{"rendered":"Farby na\u0161ej predstavivosti"},"content":{"rendered":"<p style=\"text-align: justify;\"><a href=\"https:\/\/www.krajskakniznicazilina.sk\/clanky\/2026\/05\/farby%20na%C5%A1ej%20predstavivosti.jpg\"><img decoding=\"async\" class=\"alignleft size-full\" src=\"https:\/\/www.krajskakniznicazilina.sk\/clanky\/2026\/05\/farby%20na%C5%A1ej%20predstavivosti.jpg\" alt=\"plag\u00e1t\" width=\"35%\" height=\"35%\" \/><\/a>V\u00fdstava prezentuje diela \u017eiakov v\u00fdtvarn\u00e9ho odboru SZU\u0160 Anima Libera vytvoren\u00e9 v aktu\u00e1lnom \u0161kolskom roku. Vybran\u00e9 pr\u00e1ce zobrazuj\u00fa r\u00f4zne t\u00e9my, a \u017eiaci pri ich tvorbe vyu\u017eili viacero techn\u00edk, napr\u00edklad kresbu, ma\u013ebu, kol\u00e1\u017e \u010di grafiku. V\u00fdstavu si m\u00f4\u017eete pr\u00eds\u0165 pozrie\u0165 na detsk\u00e9 oddelenia do Krajskej kni\u017enice v \u017diline od 2. m\u00e1ja do 28. m\u00e1ja.<\/p>\n","protected":false},"excerpt":{"rendered":"<p>V\u00fdstava prezentuje diela \u017eiakov v\u00fdtvarn\u00e9ho odboru SZU\u0160 Anima Libera vytvoren\u00e9 v aktu\u00e1lnom \u0161kolskom roku. Vybran\u00e9 pr\u00e1ce zobrazuj\u00fa r\u00f4zne t\u00e9my, a \u017eiaci pri ich tvorbe vyu\u017eili viacero techn\u00edk, napr\u00edklad kresbu, ma\u013ebu, kol\u00e1\u017e \u010di grafiku. V\u00fdstavu si m\u00f4\u017eete pr\u00eds\u0165 pozrie\u0165 na detsk\u00e9 oddelenia do Krajskej kni\u017enice v \u017diline od 2. m\u00e1ja do 28. m\u00e1ja.<\/p>\n","protected":false},"author":1,"featured_media":0,"comment_status":"open","ping_status":"open","sticky":false,"template":"","format":"image","meta":{"footnotes":""},"categories":[15],"tags":[],"class_list":["post-17088","post","type-post","status-publish","format-image","hentry","category-vystava","post_format-post-format-image"],"_links":{"self":[{"href":"https:\/\/www.krajskakniznicazilina.sk\/index.php\/wp-json\/wp\/v2\/posts\/17088","targetHints":{"allow":["GET"]}}],"collection":[{"href":"https:\/\/www.krajskakniznicazilina.sk\/index.php\/wp-json\/wp\/v2\/posts"}],"about":[{"href":"https:\/\/www.krajskakniznicazilina.sk\/index.php\/wp-json\/wp\/v2\/types\/post"}],"author":[{"embeddable":true,"href":"https:\/\/www.krajskakniznicazilina.sk\/index.php\/wp-json\/wp\/v2\/users\/1"}],"replies":[{"embeddable":true,"href":"https:\/\/www.krajskakniznicazilina.sk\/index.php\/wp-json\/wp\/v2\/comments?post=17088"}],"version-history":[{"count":1,"href":"https:\/\/www.krajskakniznicazilina.sk\/index.php\/wp-json\/wp\/v2\/posts\/17088\/revisions"}],"predecessor-version":[{"id":17089,"href":"https:\/\/www.krajskakniznicazilina.sk\/index.php\/wp-json\/wp\/v2\/posts\/17088\/revisions\/17089"}],"wp:attachment":[{"href":"https:\/\/www.krajskakniznicazilina.sk\/index.php\/wp-json\/wp\/v2\/media?parent=17088"}],"wp:term":[{"taxonomy":"category","embeddable":true,"href":"https:\/\/www.krajskakniznicazilina.sk\/index.php\/wp-json\/wp\/v2\/categories?post=17088"},{"taxonomy":"post_tag","embeddable":true,"href":"https:\/\/www.krajskakniznicazilina.sk\/index.php\/wp-json\/wp\/v2\/tags?post=17088"}],"curies":[{"name":"wp","href":"https:\/\/api.w.org\/{rel}","templated":true}]}}