{"id":17105,"date":"2026-04-30T07:03:26","date_gmt":"2026-04-30T05:03:26","guid":{"rendered":"https:\/\/www.krajskakniznicazilina.sk\/?p=17105"},"modified":"2026-04-20T07:38:35","modified_gmt":"2026-04-20T05:38:35","slug":"discussion-club-cultural-events","status":"publish","type":"post","link":"https:\/\/www.krajskakniznicazilina.sk\/index.php\/2026\/04\/30\/discussion-club-cultural-events\/","title":{"rendered":"Discussion club \/ cultural events"},"content":{"rendered":"<p style=\"text-align: justify;\"><a href=\"https:\/\/www.krajskakniznicazilina.sk\/clanky\/2026\/05\/discussion%20club.png\"><img decoding=\"async\" class=\"alignright size-full\" src=\"https:\/\/www.krajskakniznicazilina.sk\/clanky\/2026\/05\/discussion%20club.png\" alt=\"plag\u00e1t\" width=\"40%\" height=\"40%\" \/><\/a>\u010eal\u0161ie stretnutie diskusn\u00e9ho klubu sa uskuto\u010dn\u00ed vo \u0161tvrtok <strong>21. m\u00e1ja<\/strong> <strong>o\u00a017:00 v\u00a0Americkom centre \u017dilina<\/strong>. Ke\u010f\u017ee sa bl\u00ed\u017ei obdobie festivalov, budeme spolu hovori\u0165 o\u00a0r\u00f4znych kult\u00farnych podujatiach.<br \/>\nDiskusn\u00fd klub je venovan\u00fd v\u0161etk\u00fdm t\u00fdm, ktor\u00ed s\u00edce po anglicky vedia, ale radi by si precvi\u010dili svoje komunika\u010dn\u00e9 schopnosti\u00a0(odpor\u00fa\u010dame minim\u00e1lne \u00farove\u0148 B1).<\/p>\n<p style=\"text-align: justify;\">The next meeting of Discussion club will happen on <strong>May 21<sup>st<\/sup> at 5pm<\/strong> in <strong>American Center \u017dilina. <\/strong>Since the festival season is fast approaching, we\u2019ll talk about different cultural events.<br \/>\nDiscussion club is for everyone who speaks English but wants to practice their communication skills (we recommend at least B1 level in English to attend).<\/p>\n","protected":false},"excerpt":{"rendered":"<p>\u010eal\u0161ie stretnutie diskusn\u00e9ho klubu sa uskuto\u010dn\u00ed vo \u0161tvrtok 21. m\u00e1ja o\u00a017:00 v\u00a0Americkom centre \u017dilina. Ke\u010f\u017ee sa bl\u00ed\u017ei obdobie festivalov, budeme spolu hovori\u0165 o\u00a0r\u00f4znych kult\u00farnych podujatiach. Diskusn\u00fd klub je venovan\u00fd v\u0161etk\u00fdm t\u00fdm, ktor\u00ed s\u00edce po anglicky vedia, ale radi by si precvi\u010dili svoje komunika\u010dn\u00e9 schopnosti\u00a0(odpor\u00fa\u010dame minim\u00e1lne \u00farove\u0148 B1). The next meeting of Discussion club will happen &#8230; <a title=\"Discussion club \/ cultural events\" class=\"read-more\" href=\"https:\/\/www.krajskakniznicazilina.sk\/index.php\/2026\/04\/30\/discussion-club-cultural-events\/\" aria-label=\"Pre\u010d\u00edtajte si viac o Discussion club \/ cultural events\">\u010c\u00edta\u0165 viac<\/a><\/p>\n","protected":false},"author":1,"featured_media":0,"comment_status":"open","ping_status":"open","sticky":false,"template":"","format":"image","meta":{"footnotes":""},"categories":[76,78,23,12],"tags":[],"class_list":["post-17105","post","type-post","status-publish","format-image","hentry","category-americke-centrum-zilina","category-discussion-club","category-klub","category-podujatie","post_format-post-format-image"],"_links":{"self":[{"href":"https:\/\/www.krajskakniznicazilina.sk\/index.php\/wp-json\/wp\/v2\/posts\/17105","targetHints":{"allow":["GET"]}}],"collection":[{"href":"https:\/\/www.krajskakniznicazilina.sk\/index.php\/wp-json\/wp\/v2\/posts"}],"about":[{"href":"https:\/\/www.krajskakniznicazilina.sk\/index.php\/wp-json\/wp\/v2\/types\/post"}],"author":[{"embeddable":true,"href":"https:\/\/www.krajskakniznicazilina.sk\/index.php\/wp-json\/wp\/v2\/users\/1"}],"replies":[{"embeddable":true,"href":"https:\/\/www.krajskakniznicazilina.sk\/index.php\/wp-json\/wp\/v2\/comments?post=17105"}],"version-history":[{"count":1,"href":"https:\/\/www.krajskakniznicazilina.sk\/index.php\/wp-json\/wp\/v2\/posts\/17105\/revisions"}],"predecessor-version":[{"id":17106,"href":"https:\/\/www.krajskakniznicazilina.sk\/index.php\/wp-json\/wp\/v2\/posts\/17105\/revisions\/17106"}],"wp:attachment":[{"href":"https:\/\/www.krajskakniznicazilina.sk\/index.php\/wp-json\/wp\/v2\/media?parent=17105"}],"wp:term":[{"taxonomy":"category","embeddable":true,"href":"https:\/\/www.krajskakniznicazilina.sk\/index.php\/wp-json\/wp\/v2\/categories?post=17105"},{"taxonomy":"post_tag","embeddable":true,"href":"https:\/\/www.krajskakniznicazilina.sk\/index.php\/wp-json\/wp\/v2\/tags?post=17105"}],"curies":[{"name":"wp","href":"https:\/\/api.w.org\/{rel}","templated":true}]}}