{"id":17114,"date":"2026-05-01T07:03:58","date_gmt":"2026-05-01T05:03:58","guid":{"rendered":"https:\/\/www.krajskakniznicazilina.sk\/?p=17114"},"modified":"2026-04-30T12:09:35","modified_gmt":"2026-04-30T10:09:35","slug":"vecer-literatury-cliva-okarina","status":"publish","type":"post","link":"https:\/\/www.krajskakniznicazilina.sk\/index.php\/2026\/05\/01\/vecer-literatury-cliva-okarina\/","title":{"rendered":"Ve\u010der literat\u00fary \/ Cliv\u00e1 okar\u00edna"},"content":{"rendered":"<p style=\"text-align: justify;\"><a href=\"https:\/\/www.krajskakniznicazilina.sk\/clanky\/2026\/05\/ve%C4%8Der%20lit%20cliv%C3%A1%20okar%C3%ADna.jpg\"><img decoding=\"async\" class=\"alignleft size-full\" src=\"https:\/\/www.krajskakniznicazilina.sk\/clanky\/2026\/05\/ve%C4%8Der%20lit%20cliv%C3%A1%20okar%C3%ADna.jpg\" alt=\"plag\u00e1t\" width=\"40%\" height=\"40%\" \/><\/a>Srde\u010dne V\u00e1s poz\u00fdvame na krst knihy <em><strong>Cliv\u00e1 okar\u00edna<\/strong><\/em> a besedu s autorom knihy Goranom Len\u010dom v piatok <strong>22. m\u00e1ja o 16:00<\/strong> do Krajskej kni\u017enice v \u017diline.<\/p>\n<p style=\"text-align: justify;\">Goran Len\u010do je slovensk\u00fd spisovate\u013e, b\u00e1snik a publicista, ktor\u00fd sa vo svojej tvorbe venuje najm\u00e4 fantastike, po\u00e9zii a liter\u00e1rnej kritike.\u00a0 Prezent\u00e1cia knihy bude s\u00fa\u010das\u0165ou liter\u00e1rneho klubu Slovorys, ktor\u00fd sa v kni\u017enici pravidelne stret\u00e1va. Te\u0161\u00edme sa na stretnutie, na ktorom ka\u017ed\u00fd milovn\u00edk literat\u00fary nahliadne pod tajomstvo slova a poodhal\u00ed jeho kr\u00e1su.<\/p>\n","protected":false},"excerpt":{"rendered":"<p>Srde\u010dne V\u00e1s poz\u00fdvame na krst knihy Cliv\u00e1 okar\u00edna a besedu s autorom knihy Goranom Len\u010dom v piatok 22. m\u00e1ja o 16:00 do Krajskej kni\u017enice v \u017diline. Goran Len\u010do je slovensk\u00fd spisovate\u013e, b\u00e1snik a publicista, ktor\u00fd sa vo svojej tvorbe venuje najm\u00e4 fantastike, po\u00e9zii a liter\u00e1rnej kritike.\u00a0 Prezent\u00e1cia knihy bude s\u00fa\u010das\u0165ou liter\u00e1rneho klubu Slovorys, ktor\u00fd sa &#8230; <a title=\"Ve\u010der literat\u00fary \/ Cliv\u00e1 okar\u00edna\" class=\"read-more\" href=\"https:\/\/www.krajskakniznicazilina.sk\/index.php\/2026\/05\/01\/vecer-literatury-cliva-okarina\/\" aria-label=\"Pre\u010d\u00edtajte si viac o Ve\u010der literat\u00fary \/ Cliv\u00e1 okar\u00edna\">\u010c\u00edta\u0165 viac<\/a><\/p>\n","protected":false},"author":1,"featured_media":0,"comment_status":"open","ping_status":"open","sticky":false,"template":"","format":"image","meta":{"footnotes":""},"categories":[24,12],"tags":[],"class_list":["post-17114","post","type-post","status-publish","format-image","hentry","category-beseda","category-podujatie","post_format-post-format-image"],"_links":{"self":[{"href":"https:\/\/www.krajskakniznicazilina.sk\/index.php\/wp-json\/wp\/v2\/posts\/17114","targetHints":{"allow":["GET"]}}],"collection":[{"href":"https:\/\/www.krajskakniznicazilina.sk\/index.php\/wp-json\/wp\/v2\/posts"}],"about":[{"href":"https:\/\/www.krajskakniznicazilina.sk\/index.php\/wp-json\/wp\/v2\/types\/post"}],"author":[{"embeddable":true,"href":"https:\/\/www.krajskakniznicazilina.sk\/index.php\/wp-json\/wp\/v2\/users\/1"}],"replies":[{"embeddable":true,"href":"https:\/\/www.krajskakniznicazilina.sk\/index.php\/wp-json\/wp\/v2\/comments?post=17114"}],"version-history":[{"count":2,"href":"https:\/\/www.krajskakniznicazilina.sk\/index.php\/wp-json\/wp\/v2\/posts\/17114\/revisions"}],"predecessor-version":[{"id":17116,"href":"https:\/\/www.krajskakniznicazilina.sk\/index.php\/wp-json\/wp\/v2\/posts\/17114\/revisions\/17116"}],"wp:attachment":[{"href":"https:\/\/www.krajskakniznicazilina.sk\/index.php\/wp-json\/wp\/v2\/media?parent=17114"}],"wp:term":[{"taxonomy":"category","embeddable":true,"href":"https:\/\/www.krajskakniznicazilina.sk\/index.php\/wp-json\/wp\/v2\/categories?post=17114"},{"taxonomy":"post_tag","embeddable":true,"href":"https:\/\/www.krajskakniznicazilina.sk\/index.php\/wp-json\/wp\/v2\/tags?post=17114"}],"curies":[{"name":"wp","href":"https:\/\/api.w.org\/{rel}","templated":true}]}}