{"id":17143,"date":"2026-04-27T14:08:57","date_gmt":"2026-04-27T12:08:57","guid":{"rendered":"https:\/\/www.krajskakniznicazilina.sk\/?p=17143"},"modified":"2026-04-27T14:08:57","modified_gmt":"2026-04-27T12:08:57","slug":"den-matiek-v-smartlabe","status":"publish","type":"post","link":"https:\/\/www.krajskakniznicazilina.sk\/index.php\/2026\/04\/27\/den-matiek-v-smartlabe\/","title":{"rendered":"De\u0148 matiek v SmartLabe"},"content":{"rendered":"<p style=\"text-align: justify;\"><a href=\"https:\/\/www.krajskakniznicazilina.sk\/clanky\/2026\/05\/de%C5%88%20matiek%20smartlab.jpg\"><img decoding=\"async\" class=\"alignleft size-full\" src=\"https:\/\/www.krajskakniznicazilina.sk\/clanky\/2026\/05\/de%C5%88%20matiek%20smartlab.jpg\" alt=\"plag\u00e1t\" width=\"40%\" height=\"40%\" \/><\/a>Rozm\u00fd\u0161\u013eate nad t\u00fdm, ako prekvapi\u0165 a pote\u0161i\u0165 va\u0161u mamu ku D\u0148u matiek? Pr\u00ed\u010fte do Krajskej kni\u017enice v \u017diline vo \u0161tvrtok <strong>7. m\u00e1ja o 15:30<\/strong> a m\u00f4\u017eete si vybra\u0165 z tvoriv\u00fdch aktiv\u00edt: vlastn\u00fa potla\u010d \u0161\u00e1lky (origin\u00e1lny hrn\u010dek na ob\u013e\u00faben\u00fd \u010daj; poplatok 5 \u20ac); pyrografiu \u2013 umeleck\u00e9 vypa\u013eovanie vzorov do dreva (poplatok 3 \u20ac) alebo ru\u010dne u\u0161i\u0165 srdce z l\u00e1sky (poplatok 1 \u20ac) a vlastnoru\u010dne pripravi\u0165 prekvapenie.<\/p>\n","protected":false},"excerpt":{"rendered":"<p>Rozm\u00fd\u0161\u013eate nad t\u00fdm, ako prekvapi\u0165 a pote\u0161i\u0165 va\u0161u mamu ku D\u0148u matiek? Pr\u00ed\u010fte do Krajskej kni\u017enice v \u017diline vo \u0161tvrtok 7. m\u00e1ja o 15:30 a m\u00f4\u017eete si vybra\u0165 z tvoriv\u00fdch aktiv\u00edt: vlastn\u00fa potla\u010d \u0161\u00e1lky (origin\u00e1lny hrn\u010dek na ob\u013e\u00faben\u00fd \u010daj; poplatok 5 \u20ac); pyrografiu \u2013 umeleck\u00e9 vypa\u013eovanie vzorov do dreva (poplatok 3 \u20ac) alebo ru\u010dne u\u0161i\u0165 &#8230; <a title=\"De\u0148 matiek v SmartLabe\" class=\"read-more\" href=\"https:\/\/www.krajskakniznicazilina.sk\/index.php\/2026\/04\/27\/den-matiek-v-smartlabe\/\" aria-label=\"Pre\u010d\u00edtajte si viac o De\u0148 matiek v SmartLabe\">\u010c\u00edta\u0165 viac<\/a><\/p>\n","protected":false},"author":1,"featured_media":0,"comment_status":"open","ping_status":"open","sticky":false,"template":"","format":"image","meta":{"footnotes":""},"categories":[12,74],"tags":[],"class_list":["post-17143","post","type-post","status-publish","format-image","hentry","category-podujatie","category-makerspace","post_format-post-format-image"],"_links":{"self":[{"href":"https:\/\/www.krajskakniznicazilina.sk\/index.php\/wp-json\/wp\/v2\/posts\/17143","targetHints":{"allow":["GET"]}}],"collection":[{"href":"https:\/\/www.krajskakniznicazilina.sk\/index.php\/wp-json\/wp\/v2\/posts"}],"about":[{"href":"https:\/\/www.krajskakniznicazilina.sk\/index.php\/wp-json\/wp\/v2\/types\/post"}],"author":[{"embeddable":true,"href":"https:\/\/www.krajskakniznicazilina.sk\/index.php\/wp-json\/wp\/v2\/users\/1"}],"replies":[{"embeddable":true,"href":"https:\/\/www.krajskakniznicazilina.sk\/index.php\/wp-json\/wp\/v2\/comments?post=17143"}],"version-history":[{"count":2,"href":"https:\/\/www.krajskakniznicazilina.sk\/index.php\/wp-json\/wp\/v2\/posts\/17143\/revisions"}],"predecessor-version":[{"id":17145,"href":"https:\/\/www.krajskakniznicazilina.sk\/index.php\/wp-json\/wp\/v2\/posts\/17143\/revisions\/17145"}],"wp:attachment":[{"href":"https:\/\/www.krajskakniznicazilina.sk\/index.php\/wp-json\/wp\/v2\/media?parent=17143"}],"wp:term":[{"taxonomy":"category","embeddable":true,"href":"https:\/\/www.krajskakniznicazilina.sk\/index.php\/wp-json\/wp\/v2\/categories?post=17143"},{"taxonomy":"post_tag","embeddable":true,"href":"https:\/\/www.krajskakniznicazilina.sk\/index.php\/wp-json\/wp\/v2\/tags?post=17143"}],"curies":[{"name":"wp","href":"https:\/\/api.w.org\/{rel}","templated":true}]}}