{"id":17159,"date":"2026-04-30T07:55:21","date_gmt":"2026-04-30T05:55:21","guid":{"rendered":"https:\/\/www.krajskakniznicazilina.sk\/?p=17159"},"modified":"2026-04-30T08:08:26","modified_gmt":"2026-04-30T06:08:26","slug":"tvorivy-klub-3d-kytica-nielen-ku-dnu-matiek","status":"publish","type":"post","link":"https:\/\/www.krajskakniznicazilina.sk\/index.php\/2026\/04\/30\/tvorivy-klub-3d-kytica-nielen-ku-dnu-matiek\/","title":{"rendered":"Tvoriv\u00fd klub \/ 3D kytica nielen ku D\u0148u matiek"},"content":{"rendered":"<p style=\"text-align: justify;\"><a href=\"https:\/\/www.krajskakniznicazilina.sk\/clanky\/2026\/05\/Tvoriv%C3%BD%20klub%205a.jpg\"><img decoding=\"async\" class=\"size-full alignleft\" src=\"https:\/\/www.krajskakniznicazilina.sk\/clanky\/2026\/05\/Tvoriv%C3%BD%20klub%205a.jpg\" alt=\"plag\u00e1t\" width=\"40%\" height=\"40%\" \/><\/a>Vlastnoru\u010dne vyroben\u00e9 dar\u010deky maj\u00fa pre mami\u010dky t\u00fa najv\u00e4\u010d\u0161iu hodnotu \u2013 s\u00fa toti\u017e pln\u00e9 \u010dasu, energie a l\u00e1sky. Pr\u00ed\u010f si s nami <strong>7. m\u00e1ja 2026 o 13:45<\/strong>\u00a0vytvori\u0165 origin\u00e1lnu 3D dekora\u010dn\u00fa kyticu z farebn\u00e9ho papiera, plastel\u00edny a \u0161pajdl\u00ed.<\/p>\n<p style=\"text-align: justify;\">Podujatie je vhodn\u00e9 pre v\u0161etk\u00fdch z\u00e1ujemcov od 12 rokov. Podmienkou je platn\u00fd \u010ditate\u013esk\u00fd preukaz do Krajskej kni\u017enice v \u017diline. Pr\u00edspevok na materi\u00e1l je\u00a0<strong>3 \u20ac<\/strong>. Je nutn\u00e9 sa vopred prihl\u00e1si\u0165 e-mailom:\u00a0<strong><a href=\"mailto:tvorivedielne@krajskakniznicazilina.sk\">tvorivedielne@krajskakniznicazilina.sk\u00a0<\/a><\/strong><\/p>\n","protected":false},"excerpt":{"rendered":"<p>Vlastnoru\u010dne vyroben\u00e9 dar\u010deky maj\u00fa pre mami\u010dky t\u00fa najv\u00e4\u010d\u0161iu hodnotu \u2013 s\u00fa toti\u017e pln\u00e9 \u010dasu, energie a l\u00e1sky. Pr\u00ed\u010f si s nami 7. m\u00e1ja 2026 o 13:45\u00a0vytvori\u0165 origin\u00e1lnu 3D dekora\u010dn\u00fa kyticu z farebn\u00e9ho papiera, plastel\u00edny a \u0161pajdl\u00ed. Podujatie je vhodn\u00e9 pre v\u0161etk\u00fdch z\u00e1ujemcov od 12 rokov. Podmienkou je platn\u00fd \u010ditate\u013esk\u00fd preukaz do Krajskej kni\u017enice v \u017diline. &#8230; <a title=\"Tvoriv\u00fd klub \/ 3D kytica nielen ku D\u0148u matiek\" class=\"read-more\" href=\"https:\/\/www.krajskakniznicazilina.sk\/index.php\/2026\/04\/30\/tvorivy-klub-3d-kytica-nielen-ku-dnu-matiek\/\" aria-label=\"Pre\u010d\u00edtajte si viac o Tvoriv\u00fd klub \/ 3D kytica nielen ku D\u0148u matiek\">\u010c\u00edta\u0165 viac<\/a><\/p>\n","protected":false},"author":1,"featured_media":0,"comment_status":"open","ping_status":"open","sticky":false,"template":"","format":"image","meta":{"footnotes":""},"categories":[23,12,37],"tags":[],"class_list":["post-17159","post","type-post","status-publish","format-image","hentry","category-klub","category-podujatie","category-tvorivy-klub","post_format-post-format-image"],"_links":{"self":[{"href":"https:\/\/www.krajskakniznicazilina.sk\/index.php\/wp-json\/wp\/v2\/posts\/17159","targetHints":{"allow":["GET"]}}],"collection":[{"href":"https:\/\/www.krajskakniznicazilina.sk\/index.php\/wp-json\/wp\/v2\/posts"}],"about":[{"href":"https:\/\/www.krajskakniznicazilina.sk\/index.php\/wp-json\/wp\/v2\/types\/post"}],"author":[{"embeddable":true,"href":"https:\/\/www.krajskakniznicazilina.sk\/index.php\/wp-json\/wp\/v2\/users\/1"}],"replies":[{"embeddable":true,"href":"https:\/\/www.krajskakniznicazilina.sk\/index.php\/wp-json\/wp\/v2\/comments?post=17159"}],"version-history":[{"count":2,"href":"https:\/\/www.krajskakniznicazilina.sk\/index.php\/wp-json\/wp\/v2\/posts\/17159\/revisions"}],"predecessor-version":[{"id":17169,"href":"https:\/\/www.krajskakniznicazilina.sk\/index.php\/wp-json\/wp\/v2\/posts\/17159\/revisions\/17169"}],"wp:attachment":[{"href":"https:\/\/www.krajskakniznicazilina.sk\/index.php\/wp-json\/wp\/v2\/media?parent=17159"}],"wp:term":[{"taxonomy":"category","embeddable":true,"href":"https:\/\/www.krajskakniznicazilina.sk\/index.php\/wp-json\/wp\/v2\/categories?post=17159"},{"taxonomy":"post_tag","embeddable":true,"href":"https:\/\/www.krajskakniznicazilina.sk\/index.php\/wp-json\/wp\/v2\/tags?post=17159"}],"curies":[{"name":"wp","href":"https:\/\/api.w.org\/{rel}","templated":true}]}}