{"id":17161,"date":"2026-04-30T08:04:09","date_gmt":"2026-04-30T06:04:09","guid":{"rendered":"https:\/\/www.krajskakniznicazilina.sk\/?p=17161"},"modified":"2026-04-30T08:05:26","modified_gmt":"2026-04-30T06:05:26","slug":"beseda-s-michalou-ries","status":"publish","type":"post","link":"https:\/\/www.krajskakniznicazilina.sk\/index.php\/2026\/04\/30\/beseda-s-michalou-ries\/","title":{"rendered":"Beseda s Michalou\u00a0Ries"},"content":{"rendered":"<p style=\"text-align: justify;\"><a href=\"https:\/\/www.krajskakniznicazilina.sk\/clanky\/2026\/05\/beseda%20s%20Michalou%20Ries.jpg\"><img decoding=\"async\" class=\"size-full alignright\" src=\"https:\/\/www.krajskakniznicazilina.sk\/clanky\/2026\/05\/beseda%20s%20Michalou%20Ries.jpg\" alt=\"plag\u00e1t\" width=\"40%\" height=\"40%\" \/><\/a>Poz\u00fdvame v\u00e1s na stretnutie s ob\u013e\u00fabenou autorkou trin\u00e1stich rom\u00e1nov <strong>Michalou Ries<\/strong> v\u00a0pondelok<strong> 18. m\u00e1ja o\u00a016:30<\/strong> do Krajskej kni\u017enice v\u00a0\u017diline.\u00a0Jej knihy s\u00fa kombin\u00e1ciou neoby\u010dajn\u00fdch n\u00e1metov, origin\u00e1lneho humoru a\u00a0v\u00e1\u017enych t\u00e9m, ktor\u00e9 dok\u00e1\u017eu \u010ditate\u013ea hlboko zasiahnu\u0165. Okrem predstavenia svojho najnov\u0161ieho rom\u00e1nu Prv\u00fd s\u013eub, ktor\u00fd ukr\u00fdva pr\u00edbeh zak\u00e1zanej l\u00e1sky reho\u013enej sestry a policajn\u00e9ho vy\u0161etrovate\u013ea, autorka pribl\u00ed\u017ei aj zvy\u0161ok svojej tvorby a poodhal\u00ed z\u00e1kulisie procesu p\u00edsania a tvorby kn\u00edh.<!--more--><\/p>\n<p style=\"text-align: justify;\">Slovensk\u00e1 autorka Michala Ries (1989) \u017eije s\u00a0man\u017eelom a\u00a0dvomi de\u0165mi v\u00a0malej dedinke pod \u010cachtick\u00fdm hradom. Ke\u010f nep\u00ed\u0161e ani ne\u010d\u00edta, n\u00e1jdete ju v\u00a0lesoch, ktor\u00e9 obklopuj\u00fa jej domov. Na kni\u017en\u00fd trh vst\u00fapila na jese\u0148 roku 2020 dvojdielnou romancou zo sveta motork\u00e1rskych klubov Na \u00fateku a\u00a0Na love. Zameriava sa na romantick\u00e9 pr\u00edbehy, ale v jej tvorbe n\u00e1jdete aj mysteri\u00f3zny triler. Jej knihy s\u00fa kombin\u00e1ciou neoby\u010dajn\u00fdch n\u00e1metov, origin\u00e1lneho humoru a\u00a0v\u00e1\u017enych t\u00e9m, ktor\u00e9 dok\u00e1\u017eu \u010ditate\u013ea hlboko zasiahnu\u0165. Svoje pr\u00edbehy prirovn\u00e1va k\u00a0skuto\u010dn\u00e9mu \u017eivotu \u2013 so v\u0161etk\u00fdmi em\u00f3ciami, rozmanit\u00fdmi charaktermi a\u00a0r\u00f4znorod\u00fdmi koncami.<\/p>\n<p style=\"text-align: justify;\">Jej trin\u00e1sta kniha, ktor\u00e1 vy\u0161la v apr\u00edli tohto roku, nesie n\u00e1zov Prv\u00fd s\u013eub. Je to pr\u00edbeh o zak\u00e1zanej l\u00e1ske medzi reho\u013enou sestrou a policajn\u00fdm vy\u0161etrovate\u013eom. Navonok kontroverzn\u00fd n\u00e1met ukr\u00fdva hlbok\u00fd a citliv\u00fd pr\u00edbeh o l\u00e1ske v r\u00f4znych podob\u00e1ch a skrz tri hlavn\u00e9 postavy, ktor\u00e9 pr\u00edbeh rozpr\u00e1vaj\u00fa, sa \u010ditate\u013e m\u00f4\u017ee pozrie\u0165 na svet o\u010dami cynick\u00e9ho policajta \u0160imona, l\u00e1skav\u00fdmi o\u010dami reho\u013enej sestry Hany a o\u010dami 12-ro\u010dn\u00e9ho diev\u010da\u0165a Katky, ktor\u00e1 o v\u0161etko pri\u0161la a aj tak nestr\u00e1ca n\u00e1dej.<\/p>\n","protected":false},"excerpt":{"rendered":"<p>Poz\u00fdvame v\u00e1s na stretnutie s ob\u013e\u00fabenou autorkou trin\u00e1stich rom\u00e1nov Michalou Ries v\u00a0pondelok 18. m\u00e1ja o\u00a016:30 do Krajskej kni\u017enice v\u00a0\u017diline.\u00a0Jej knihy s\u00fa kombin\u00e1ciou neoby\u010dajn\u00fdch n\u00e1metov, origin\u00e1lneho humoru a\u00a0v\u00e1\u017enych t\u00e9m, ktor\u00e9 dok\u00e1\u017eu \u010ditate\u013ea hlboko zasiahnu\u0165. Okrem predstavenia svojho najnov\u0161ieho rom\u00e1nu Prv\u00fd s\u013eub, ktor\u00fd ukr\u00fdva pr\u00edbeh zak\u00e1zanej l\u00e1sky reho\u013enej sestry a policajn\u00e9ho vy\u0161etrovate\u013ea, autorka pribl\u00ed\u017ei aj zvy\u0161ok svojej &#8230; <a title=\"Beseda s Michalou\u00a0Ries\" class=\"read-more\" href=\"https:\/\/www.krajskakniznicazilina.sk\/index.php\/2026\/04\/30\/beseda-s-michalou-ries\/\" aria-label=\"Pre\u010d\u00edtajte si viac o Beseda s Michalou\u00a0Ries\">\u010c\u00edta\u0165 viac<\/a><\/p>\n","protected":false},"author":1,"featured_media":0,"comment_status":"open","ping_status":"open","sticky":false,"template":"","format":"image","meta":{"footnotes":""},"categories":[24,12,46],"tags":[],"class_list":["post-17161","post","type-post","status-publish","format-image","hentry","category-beseda","category-podujatie","category-tip-na-knihu","post_format-post-format-image"],"_links":{"self":[{"href":"https:\/\/www.krajskakniznicazilina.sk\/index.php\/wp-json\/wp\/v2\/posts\/17161","targetHints":{"allow":["GET"]}}],"collection":[{"href":"https:\/\/www.krajskakniznicazilina.sk\/index.php\/wp-json\/wp\/v2\/posts"}],"about":[{"href":"https:\/\/www.krajskakniznicazilina.sk\/index.php\/wp-json\/wp\/v2\/types\/post"}],"author":[{"embeddable":true,"href":"https:\/\/www.krajskakniznicazilina.sk\/index.php\/wp-json\/wp\/v2\/users\/1"}],"replies":[{"embeddable":true,"href":"https:\/\/www.krajskakniznicazilina.sk\/index.php\/wp-json\/wp\/v2\/comments?post=17161"}],"version-history":[{"count":4,"href":"https:\/\/www.krajskakniznicazilina.sk\/index.php\/wp-json\/wp\/v2\/posts\/17161\/revisions"}],"predecessor-version":[{"id":17165,"href":"https:\/\/www.krajskakniznicazilina.sk\/index.php\/wp-json\/wp\/v2\/posts\/17161\/revisions\/17165"}],"wp:attachment":[{"href":"https:\/\/www.krajskakniznicazilina.sk\/index.php\/wp-json\/wp\/v2\/media?parent=17161"}],"wp:term":[{"taxonomy":"category","embeddable":true,"href":"https:\/\/www.krajskakniznicazilina.sk\/index.php\/wp-json\/wp\/v2\/categories?post=17161"},{"taxonomy":"post_tag","embeddable":true,"href":"https:\/\/www.krajskakniznicazilina.sk\/index.php\/wp-json\/wp\/v2\/tags?post=17161"}],"curies":[{"name":"wp","href":"https:\/\/api.w.org\/{rel}","templated":true}]}}