{"id":17170,"date":"2026-05-01T07:01:54","date_gmt":"2026-05-01T05:01:54","guid":{"rendered":"https:\/\/www.krajskakniznicazilina.sk\/?p=17170"},"modified":"2026-04-30T12:08:55","modified_gmt":"2026-04-30T10:08:55","slug":"kniha-zilinskeho-kraja-2025","status":"publish","type":"post","link":"https:\/\/www.krajskakniznicazilina.sk\/index.php\/2026\/05\/01\/kniha-zilinskeho-kraja-2025\/","title":{"rendered":"Kniha \u017dilinsk\u00e9ho kraja 2025"},"content":{"rendered":"<p style=\"text-align: justify;\"><a href=\"https:\/\/www.krajskakniznicazilina.sk\/clanky\/2026\/05\/K%C5%BDK%202025.jpg\"><img decoding=\"async\" class=\"alignright size-full\" src=\"https:\/\/www.krajskakniznicazilina.sk\/clanky\/2026\/05\/K%C5%BDK%202025.jpg\" alt=\"plag\u00e1t\" width=\"35%\" height=\"35%\" \/><\/a>Krajsk\u00e1 kni\u017enica v \u017diline, Kysuck\u00e1 kni\u017enica v \u010cadci, Liptovsk\u00e1 kni\u017enica Ga\u0161para Fej\u00e9rpataky Belopotock\u00e9ho v Liptovskom Mikul\u00e1\u0161i, Tur\u010dianska kni\u017enica v Martine a Oravsk\u00e1 kni\u017enica Antona Habov\u0161tiaka v Dolnom Kub\u00edne, in\u0161tit\u00facie v zria\u010fovate\u013eskej p\u00f4sobnosti \u017dilinsk\u00e9ho samospr\u00e1vneho kraja <u>vyhlasuj\u00fa 3. ro\u010dn\u00edk \u010ditate\u013eskej s\u00fa\u0165a\u017ee<\/u> <strong>Kniha \u017dilinsk\u00e9ho kraja 2025<\/strong>.<\/p>\n<p style=\"text-align: justify;\"><strong>Podmienky s\u00fa\u0165a\u017ee<\/strong><\/p>\n<ul style=\"text-align: justify;\">\n<li>Do s\u00fa\u0165a\u017ee s\u00fa zaraden\u00e9 knihy, ktor\u00e9 z\u00edskali titul Kniha Horn\u00e9ho Pova\u017eia 2025, Kniha Kys\u00fac 2025, Kniha Turca 2025, Kniha Oravy 2025 a Kniha Liptova 2025 v kateg\u00f3rii beletria a v kateg\u00f3rii odborn\u00e1 literat\u00fara v \u010ditate\u013esk\u00fdch s\u00fa\u0165a\u017eiach organizovan\u00fdch region\u00e1lnymi kni\u017enicami \u017dilinsk\u00e9ho samospr\u00e1vneho kraja (\u017dSK).<\/li>\n<\/ul>\n<p style=\"text-align: justify;\"><strong>D\u00f4le\u017eit\u00e9 term\u00edny s\u00fa\u0165a\u017ee<\/strong><\/p>\n<p style=\"text-align: justify;\"><strong>\u00a0<\/strong>Hlasovanie bude prebieha\u0165 online <strong>od<\/strong> <strong>4. m\u00e1ja do 31. m\u00e1ja 2026.<\/strong><\/p>\n<h3 style=\"text-align: justify;\"><strong>Online hlasovanie: <a href=\"https:\/\/forms.gle\/knMCW9kdbKxPRsa69\">https:\/\/forms.gle\/knMCW9kdbKxPRsa69<\/a><\/strong><\/h3>\n<p style=\"text-align: justify;\">Nominovan\u00e9 knihy<\/p>\n<ul style=\"text-align: justify;\">\n<li><a href=\"https:\/\/youtu.be\/UTdfk-Q5cD4?si=3--42sTel5wWnBMc\">odborn\u00e1 literat\u00fara<\/a><\/li>\n<li><a href=\"https:\/\/youtu.be\/JyXpS7d1wXk?si=2f8Lnpy9pr44XmUp\">beletria<\/a><\/li>\n<\/ul>\n<p class=\"entry-title\">V s\u00fa\u0165a\u017ei Kniha Horn\u00e9ho Pova\u017eia 2025: <a href=\"https:\/\/www.krajskakniznicazilina.sk\/clanky\/2026\/05\/KHP25%20v%C3%AD%C5%A5azn%C3%A9%20knihy.pdf\"><strong>Rozpr\u00e1vky deda Jozefa<\/strong><\/a> \/ Jozef Ba\u0161tek a <strong><a href=\"https:\/\/www.krajskakniznicazilina.sk\/clanky\/2026\/05\/KHP25%20v%C3%AD%C5%A5azn%C3%A9%20knihy.pdf\">Tatransk\u00e9 \u00fazkoko\u013eajky v zrkadle \u010dasu<\/a><\/strong> \/ Du\u0161an Lichner, Stanislav Munt\u00e1g.<\/p>\n<p><!--more--><\/p>\n<p style=\"text-align: justify;\">Sl\u00e1vnostn\u00e9 vyhl\u00e1senie v\u00fdsledkov s\u00fa\u0165a\u017ee sa uskuto\u010dn\u00ed <strong> j\u00fana<\/strong> <strong>2026 v Oravskej kni\u017enici Antona Habov\u0161tiaka v Dolnom Kub\u00edne za \u00fa\u010dasti z\u00e1stupcov \u00daradu \u017dilinsk\u00e9ho samospr\u00e1vneho kraja.<\/strong><\/p>\n<p style=\"text-align: justify;\"><strong>S\u00fa\u0165a\u017en\u00e9 kateg\u00f3rie<\/strong><\/p>\n<ul style=\"text-align: justify;\">\n<li>Knihy s\u00fa rozdelen\u00e9 do dvoch s\u00fa\u0165a\u017en\u00fdch kateg\u00f3ri\u00ed:<\/li>\n<\/ul>\n<ol style=\"text-align: justify;\">\n<li style=\"list-style-type: none;\">\n<ol>\n<li>kateg\u00f3ria: beletria<\/li>\n<li>kateg\u00f3ria: odborn\u00e1 literat\u00fara<\/li>\n<\/ol>\n<\/li>\n<\/ol>\n<p style=\"text-align: justify;\"><strong>Kde n\u00e1jdete knihy zaraden\u00e9 do s\u00fa\u0165a\u017ee?<\/strong><\/p>\n<ul style=\"text-align: justify;\">\n<li>Knihy bud\u00fa prezentovan\u00e9 na webovej str\u00e1nke \u017dilinsk\u00e9ho samospr\u00e1vneho kraja a na webov\u00fdch str\u00e1nkach a soci\u00e1lnych sie\u0165ach region\u00e1lnych kni\u017en\u00edc \u017dSK: Krajsk\u00e1 kni\u017enica v \u017diline, Kysuck\u00e1 kni\u017enica v \u010cadci, Tur\u010dianska kni\u017enica v Martine, Oravsk\u00e1 kni\u017enica Antona Habov\u0161tiaka v Dolnom Kub\u00edne, Liptovsk\u00e1 kni\u017enica Ga\u0161para Fej\u00e9rpataky Belopotock\u00e9ho v Liptovskom Mikul\u00e1\u0161i.<\/li>\n<\/ul>\n<p style=\"text-align: justify;\"><strong>Kto rozhodne o\u00a0v\u00fdsledkoch s\u00fa\u0165a\u017ee?<\/strong><\/p>\n<ul style=\"text-align: justify;\">\n<li>O\u00a0v\u00ed\u0165azn\u00fdch knih\u00e1ch rozhodne verejnos\u0165 prostredn\u00edctvom online hlasovania.<\/li>\n<li>Online hlasovanie bude pr\u00edstupn\u00e9 na webovej str\u00e1nke \u017dilinsk\u00e9ho samospr\u00e1vneho kraja a na webov\u00fdch str\u00e1nkach a\u00a0soci\u00e1lnych sie\u0165ach region\u00e1lnych kni\u017en\u00edc \u017dSK.<\/li>\n<li>Na jednom hlasovacom l\u00edstku m\u00f4\u017ee hlasuj\u00faci udeli\u0165 jeden hlas knihe v\u00a01. kateg\u00f3rii (beletria) a\u00a0jeden hlas knihe v\u00a0druhej kateg\u00f3rii (odborn\u00e1 literat\u00fara).<\/li>\n<li>Hlasuj\u00faci m\u00f4\u017ee udeli\u0165 <u>jednej knihe len jeden hlas<\/u>. Po\u010das trvania s\u00fa\u0165a\u017ee m\u00f4\u017ee hlasuj\u00faci hlasova\u0165 len jedenkr\u00e1t.<\/li>\n<li>Platn\u00fd je len online hlasovac\u00ed l\u00edstok uverejnen\u00fd na webovej str\u00e1nke \u017dSK a webov\u00fdch str\u00e1nkach region\u00e1lnych kni\u017en\u00edc \u017dSK.<\/li>\n<\/ul>\n<p style=\"text-align: justify;\"><strong>Putovn\u00e1 v\u00fdstava<\/strong><\/p>\n<p style=\"text-align: justify;\">Knihy, ktor\u00e9 z\u00edskaj\u00fa titul Kniha \u017dilinsk\u00e9ho kraja 2025, bud\u00fa s\u00fa\u010das\u0165ou putovnej v\u00fdstavy v\u00ed\u0165azn\u00fdch kn\u00edh region\u00e1lnych \u010ditate\u013esk\u00fdch s\u00fa\u0165a\u017e\u00ed a\u00a0bud\u00fa ozna\u010den\u00e9 n\u00e1lepkou Kniha \u017dilinsk\u00e9ho kraja 2025. Knihy bud\u00fa postupne prezentovan\u00e9 v\u00a0ka\u017edej region\u00e1lnej kni\u017enici \u017dSK.<\/p>\n<p style=\"text-align: justify;\"><strong>Term\u00edny putovnej v\u00fdstavy<\/strong><\/p>\n<ol>\n<li style=\"text-align: justify;\">Oravsk\u00e1 kni\u017enica A. Habov\u0161tiaka 15.6.2026 &#8211; 30.6.2026 v Dolnom Kub\u00edne<\/li>\n<li style=\"text-align: justify;\">Liptovsk\u00e1 kni\u017enica G.F.Belopotock\u00e9ho 6.7.2026 &#8211; 31.7.2026 v Liptovskom Mikul\u00e1\u0161i<\/li>\n<li style=\"text-align: justify;\">Tur\u010dianska kni\u017enica v Martine 10.8.2026 &#8211; 28.8.2026<\/li>\n<li style=\"text-align: justify;\">Kysuck\u00e1 kni\u017enica v \u010cadci 7.9.2026 &#8211; 30.9.2026<\/li>\n<li style=\"text-align: justify;\">Krajsk\u00e1 kni\u017enica v \u017diline 5.10.2026 &#8211; 30.10.2026<\/li>\n<\/ol>\n","protected":false},"excerpt":{"rendered":"<p>Krajsk\u00e1 kni\u017enica v \u017diline, Kysuck\u00e1 kni\u017enica v \u010cadci, Liptovsk\u00e1 kni\u017enica Ga\u0161para Fej\u00e9rpataky Belopotock\u00e9ho v Liptovskom Mikul\u00e1\u0161i, Tur\u010dianska kni\u017enica v Martine a Oravsk\u00e1 kni\u017enica Antona Habov\u0161tiaka v Dolnom Kub\u00edne, in\u0161tit\u00facie v zria\u010fovate\u013eskej p\u00f4sobnosti \u017dilinsk\u00e9ho samospr\u00e1vneho kraja vyhlasuj\u00fa 3. ro\u010dn\u00edk \u010ditate\u013eskej s\u00fa\u0165a\u017ee Kniha \u017dilinsk\u00e9ho kraja 2025. Podmienky s\u00fa\u0165a\u017ee Do s\u00fa\u0165a\u017ee s\u00fa zaraden\u00e9 knihy, ktor\u00e9 z\u00edskali titul Kniha &#8230; <a title=\"Kniha \u017dilinsk\u00e9ho kraja 2025\" class=\"read-more\" href=\"https:\/\/www.krajskakniznicazilina.sk\/index.php\/2026\/05\/01\/kniha-zilinskeho-kraja-2025\/\" aria-label=\"Pre\u010d\u00edtajte si viac o Kniha \u017dilinsk\u00e9ho kraja 2025\">\u010c\u00edta\u0165 viac<\/a><\/p>\n","protected":false},"author":1,"featured_media":0,"comment_status":"open","ping_status":"open","sticky":false,"template":"","format":"image","meta":{"footnotes":""},"categories":[16],"tags":[],"class_list":["post-17170","post","type-post","status-publish","format-image","hentry","category-sutaz","post_format-post-format-image"],"_links":{"self":[{"href":"https:\/\/www.krajskakniznicazilina.sk\/index.php\/wp-json\/wp\/v2\/posts\/17170","targetHints":{"allow":["GET"]}}],"collection":[{"href":"https:\/\/www.krajskakniznicazilina.sk\/index.php\/wp-json\/wp\/v2\/posts"}],"about":[{"href":"https:\/\/www.krajskakniznicazilina.sk\/index.php\/wp-json\/wp\/v2\/types\/post"}],"author":[{"embeddable":true,"href":"https:\/\/www.krajskakniznicazilina.sk\/index.php\/wp-json\/wp\/v2\/users\/1"}],"replies":[{"embeddable":true,"href":"https:\/\/www.krajskakniznicazilina.sk\/index.php\/wp-json\/wp\/v2\/comments?post=17170"}],"version-history":[{"count":5,"href":"https:\/\/www.krajskakniznicazilina.sk\/index.php\/wp-json\/wp\/v2\/posts\/17170\/revisions"}],"predecessor-version":[{"id":17175,"href":"https:\/\/www.krajskakniznicazilina.sk\/index.php\/wp-json\/wp\/v2\/posts\/17170\/revisions\/17175"}],"wp:attachment":[{"href":"https:\/\/www.krajskakniznicazilina.sk\/index.php\/wp-json\/wp\/v2\/media?parent=17170"}],"wp:term":[{"taxonomy":"category","embeddable":true,"href":"https:\/\/www.krajskakniznicazilina.sk\/index.php\/wp-json\/wp\/v2\/categories?post=17170"},{"taxonomy":"post_tag","embeddable":true,"href":"https:\/\/www.krajskakniznicazilina.sk\/index.php\/wp-json\/wp\/v2\/tags?post=17170"}],"curies":[{"name":"wp","href":"https:\/\/api.w.org\/{rel}","templated":true}]}}