{"id":17738,"date":"2026-09-06T10:47:26","date_gmt":"2026-09-06T08:47:26","guid":{"rendered":"https:\/\/www.krajskakniznicazilina.sk\/?p=17738"},"modified":"2026-08-27T10:49:15","modified_gmt":"2026-08-27T08:49:15","slug":"kniznica-bude-15-septembra-zatvorena","status":"publish","type":"post","link":"https:\/\/www.krajskakniznicazilina.sk\/index.php\/2026\/09\/06\/kniznica-bude-15-septembra-zatvorena\/","title":{"rendered":"Kni\u017enica bude 15. septembra zatvoren\u00e1"},"content":{"rendered":"<p style=\"text-align: justify;\"><a href=\"https:\/\/www.krajskakniznicazilina.sk\/clanky\/2026\/09\/oznam%20zatvorenie%2015.jpg\"><img decoding=\"async\" class=\"alignright size-full\" src=\"https:\/\/www.krajskakniznicazilina.sk\/clanky\/2026\/09\/oznam%20zatvorenie%2015.jpg\" alt=\"plag\u00e1t\" width=\"40%\" height=\"40%\" \/><\/a>V\u00e1\u017een\u00ed n\u00e1v\u0161tevn\u00edci, oznamujeme v\u00e1m, \u017ee <strong>kni\u017enica bude<\/strong> v utorok<strong> 15. septembra ZATVOREN\u00c1<\/strong>.<\/p>\n<p style=\"text-align: justify;\">\u010eakujeme v\u00e1m za pochopenie a te\u0161\u00edme sa na va\u0161u n\u00e1v\u0161tevu v \u010fal\u0161\u00edch d\u0148och. Knihy m\u00f4\u017eete vr\u00e1ti\u0165 prostredn\u00edctvom biblioboxu.<\/p>\n","protected":false},"excerpt":{"rendered":"<p>V\u00e1\u017een\u00ed n\u00e1v\u0161tevn\u00edci, oznamujeme v\u00e1m, \u017ee kni\u017enica bude v utorok 15. septembra ZATVOREN\u00c1. \u010eakujeme v\u00e1m za pochopenie a te\u0161\u00edme sa na va\u0161u n\u00e1v\u0161tevu v \u010fal\u0161\u00edch d\u0148och. Knihy m\u00f4\u017eete vr\u00e1ti\u0165 prostredn\u00edctvom biblioboxu.<\/p>\n","protected":false},"author":1,"featured_media":0,"comment_status":"open","ping_status":"open","sticky":false,"template":"","format":"image","meta":{"footnotes":""},"categories":[1],"tags":[],"class_list":["post-17738","post","type-post","status-publish","format-image","hentry","category-oznam","post_format-post-format-image"],"_links":{"self":[{"href":"https:\/\/www.krajskakniznicazilina.sk\/index.php\/wp-json\/wp\/v2\/posts\/17738","targetHints":{"allow":["GET"]}}],"collection":[{"href":"https:\/\/www.krajskakniznicazilina.sk\/index.php\/wp-json\/wp\/v2\/posts"}],"about":[{"href":"https:\/\/www.krajskakniznicazilina.sk\/index.php\/wp-json\/wp\/v2\/types\/post"}],"author":[{"embeddable":true,"href":"https:\/\/www.krajskakniznicazilina.sk\/index.php\/wp-json\/wp\/v2\/users\/1"}],"replies":[{"embeddable":true,"href":"https:\/\/www.krajskakniznicazilina.sk\/index.php\/wp-json\/wp\/v2\/comments?post=17738"}],"version-history":[{"count":1,"href":"https:\/\/www.krajskakniznicazilina.sk\/index.php\/wp-json\/wp\/v2\/posts\/17738\/revisions"}],"predecessor-version":[{"id":17739,"href":"https:\/\/www.krajskakniznicazilina.sk\/index.php\/wp-json\/wp\/v2\/posts\/17738\/revisions\/17739"}],"wp:attachment":[{"href":"https:\/\/www.krajskakniznicazilina.sk\/index.php\/wp-json\/wp\/v2\/media?parent=17738"}],"wp:term":[{"taxonomy":"category","embeddable":true,"href":"https:\/\/www.krajskakniznicazilina.sk\/index.php\/wp-json\/wp\/v2\/categories?post=17738"},{"taxonomy":"post_tag","embeddable":true,"href":"https:\/\/www.krajskakniznicazilina.sk\/index.php\/wp-json\/wp\/v2\/tags?post=17738"}],"curies":[{"name":"wp","href":"https:\/\/api.w.org\/{rel}","templated":true}]}}