{"id":17741,"date":"2026-08-31T07:04:51","date_gmt":"2026-08-31T05:04:51","guid":{"rendered":"https:\/\/www.krajskakniznicazilina.sk\/?p=17741"},"modified":"2026-08-28T08:50:10","modified_gmt":"2026-08-28T06:50:10","slug":"cestovanie-o-piatej-8-miesta-so-silnym-odkazom","status":"publish","type":"post","link":"https:\/\/www.krajskakniznicazilina.sk\/index.php\/2026\/08\/31\/cestovanie-o-piatej-8-miesta-so-silnym-odkazom\/","title":{"rendered":"Cestovanie o piatej 8 Miesta so siln\u00fdm odkazom"},"content":{"rendered":"<p style=\"text-align: justify;\"><strong><a href=\"https:\/\/www.krajskakniznicazilina.sk\/clanky\/2026\/09\/cestovanie%20o%20piatej%209.jpg\"><img decoding=\"async\" class=\"alignright size-full\" src=\"https:\/\/www.krajskakniznicazilina.sk\/clanky\/2026\/09\/cestovanie%20o%20piatej%209.jpg\" alt=\"plag\u00e1t\" width=\"40%\" height=\"40%\" \/><\/a>14. septembra o 17:00<\/strong> sa spolo\u010dne vyberieme po stop\u00e1ch sl\u00e1vneho Oskara Schindlera. Najsk\u00f4r nav\u0161t\u00edvime jeho rodisko Svitavy a nevynech\u00e1me ani meste\u010dko Brn\u011bnec, v ktorom sa nach\u00e1dzali jeho tov\u00e1rne, v\u010faka ktor\u00fdm sa podarilo zachr\u00e1ni\u0165 stovky nevinn\u00fdch \u013eud\u00ed. Potom sa vyberieme do J\u00e1chymova, ktor\u00fd v sebe nesie tragick\u00e9 posolstvo komunizmu. Nakoniec sa pozrieme do Lidic, ktor\u00e9 boli pomstou za atent\u00e1t na jedn\u00e9ho z najvplyvnej\u0161\u00edch predstavite\u013eov tretej r\u00ed\u0161e Reiharda Heydricha. Nebud\u00fa ch\u00fdba\u0165 fotografie z jednotliv\u00fdch miest a zauj\u00edmavosti, o ktor\u00fdch ste doteraz nevedeli.<\/p>\n","protected":false},"excerpt":{"rendered":"<p>14. septembra o 17:00 sa spolo\u010dne vyberieme po stop\u00e1ch sl\u00e1vneho Oskara Schindlera. Najsk\u00f4r nav\u0161t\u00edvime jeho rodisko Svitavy a nevynech\u00e1me ani meste\u010dko Brn\u011bnec, v ktorom sa nach\u00e1dzali jeho tov\u00e1rne, v\u010faka ktor\u00fdm sa podarilo zachr\u00e1ni\u0165 stovky nevinn\u00fdch \u013eud\u00ed. Potom sa vyberieme do J\u00e1chymova, ktor\u00fd v sebe nesie tragick\u00e9 posolstvo komunizmu. Nakoniec sa pozrieme do Lidic, ktor\u00e9 boli &#8230; <a title=\"Cestovanie o piatej 8 Miesta so siln\u00fdm odkazom\" class=\"read-more\" href=\"https:\/\/www.krajskakniznicazilina.sk\/index.php\/2026\/08\/31\/cestovanie-o-piatej-8-miesta-so-silnym-odkazom\/\" aria-label=\"Pre\u010d\u00edtajte si viac o Cestovanie o piatej 8 Miesta so siln\u00fdm odkazom\">\u010c\u00edta\u0165 viac<\/a><\/p>\n","protected":false},"author":1,"featured_media":0,"comment_status":"open","ping_status":"open","sticky":false,"template":"","format":"image","meta":{"footnotes":""},"categories":[21,12],"tags":[],"class_list":["post-17741","post","type-post","status-publish","format-image","hentry","category-cestovatelska-beseda","category-podujatie","post_format-post-format-image"],"_links":{"self":[{"href":"https:\/\/www.krajskakniznicazilina.sk\/index.php\/wp-json\/wp\/v2\/posts\/17741","targetHints":{"allow":["GET"]}}],"collection":[{"href":"https:\/\/www.krajskakniznicazilina.sk\/index.php\/wp-json\/wp\/v2\/posts"}],"about":[{"href":"https:\/\/www.krajskakniznicazilina.sk\/index.php\/wp-json\/wp\/v2\/types\/post"}],"author":[{"embeddable":true,"href":"https:\/\/www.krajskakniznicazilina.sk\/index.php\/wp-json\/wp\/v2\/users\/1"}],"replies":[{"embeddable":true,"href":"https:\/\/www.krajskakniznicazilina.sk\/index.php\/wp-json\/wp\/v2\/comments?post=17741"}],"version-history":[{"count":1,"href":"https:\/\/www.krajskakniznicazilina.sk\/index.php\/wp-json\/wp\/v2\/posts\/17741\/revisions"}],"predecessor-version":[{"id":17742,"href":"https:\/\/www.krajskakniznicazilina.sk\/index.php\/wp-json\/wp\/v2\/posts\/17741\/revisions\/17742"}],"wp:attachment":[{"href":"https:\/\/www.krajskakniznicazilina.sk\/index.php\/wp-json\/wp\/v2\/media?parent=17741"}],"wp:term":[{"taxonomy":"category","embeddable":true,"href":"https:\/\/www.krajskakniznicazilina.sk\/index.php\/wp-json\/wp\/v2\/categories?post=17741"},{"taxonomy":"post_tag","embeddable":true,"href":"https:\/\/www.krajskakniznicazilina.sk\/index.php\/wp-json\/wp\/v2\/tags?post=17741"}],"curies":[{"name":"wp","href":"https:\/\/api.w.org\/{rel}","templated":true}]}}