{"id":17764,"date":"2026-08-31T13:55:31","date_gmt":"2026-08-31T11:55:31","guid":{"rendered":"https:\/\/www.krajskakniznicazilina.sk\/?p=17764"},"modified":"2026-08-31T13:56:19","modified_gmt":"2026-08-31T11:56:19","slug":"1-septembra-bude-zatvoreny-detsky-kutik","status":"publish","type":"post","link":"https:\/\/www.krajskakniznicazilina.sk\/index.php\/2026\/08\/31\/1-septembra-bude-zatvoreny-detsky-kutik\/","title":{"rendered":"V utorok 1. septembra bude zatvoren\u00fd detsk\u00fd k\u00fatik"},"content":{"rendered":"<p><img decoding=\"async\" class=\"size-full wp-image-17765 alignleft\" src=\"https:\/\/www.krajskakniznicazilina.sk\/wp-content\/uploads\/2026\/08\/oznam-zatvorenie-det-k-scaled.jpg\" alt=\"plag\u00e1t\" width=\"45%\" height=\"45%\" srcset=\"https:\/\/www.krajskakniznicazilina.sk\/wp-content\/uploads\/2026\/08\/oznam-zatvorenie-det-k-scaled.jpg 2560w, https:\/\/www.krajskakniznicazilina.sk\/wp-content\/uploads\/2026\/08\/oznam-zatvorenie-det-k-300x212.jpg 300w, https:\/\/www.krajskakniznicazilina.sk\/wp-content\/uploads\/2026\/08\/oznam-zatvorenie-det-k-1024x724.jpg 1024w, https:\/\/www.krajskakniznicazilina.sk\/wp-content\/uploads\/2026\/08\/oznam-zatvorenie-det-k-768x543.jpg 768w, https:\/\/www.krajskakniznicazilina.sk\/wp-content\/uploads\/2026\/08\/oznam-zatvorenie-det-k-1536x1086.jpg 1536w, https:\/\/www.krajskakniznicazilina.sk\/wp-content\/uploads\/2026\/08\/oznam-zatvorenie-det-k-2048x1448.jpg 2048w\" sizes=\"(max-width: 2560px) 100vw, 2560px\" \/>Mil\u00ed \u010ditatelia,<\/p>\n<p>dovo\u013eujeme si ozn\u00e1mi\u0165 V\u00e1m, \u017ee z d\u00f4vodu rekon\u0161truk\u010dn\u00fdch pr\u00e1c na 2. poschod\u00ed bude detsk\u00fd k\u00fatik <strong>v\u00a0utorok 1. septembra 2026<\/strong> zatvoren\u00fd.<\/p>\n<p>Ospravedl\u0148ujeme sa V\u00e1m za obmedzen\u00fd pr\u00edstup k fondu detskej literat\u00fary a kn\u00edh v anglickom jazyku.<\/p>\n<p>\u010eakujeme V\u00e1m za pochopenie.<\/p>\n","protected":false},"excerpt":{"rendered":"<p>Mil\u00ed \u010ditatelia, dovo\u013eujeme si ozn\u00e1mi\u0165 V\u00e1m, \u017ee z d\u00f4vodu rekon\u0161truk\u010dn\u00fdch pr\u00e1c na 2. poschod\u00ed bude detsk\u00fd k\u00fatik v\u00a0utorok 1. septembra 2026 zatvoren\u00fd. Ospravedl\u0148ujeme sa V\u00e1m za obmedzen\u00fd pr\u00edstup k fondu detskej literat\u00fary a kn\u00edh v anglickom jazyku. \u010eakujeme V\u00e1m za pochopenie.<\/p>\n","protected":false},"author":1,"featured_media":0,"comment_status":"open","ping_status":"open","sticky":false,"template":"","format":"image","meta":{"footnotes":""},"categories":[1],"tags":[],"class_list":["post-17764","post","type-post","status-publish","format-image","hentry","category-oznam","post_format-post-format-image"],"_links":{"self":[{"href":"https:\/\/www.krajskakniznicazilina.sk\/index.php\/wp-json\/wp\/v2\/posts\/17764","targetHints":{"allow":["GET"]}}],"collection":[{"href":"https:\/\/www.krajskakniznicazilina.sk\/index.php\/wp-json\/wp\/v2\/posts"}],"about":[{"href":"https:\/\/www.krajskakniznicazilina.sk\/index.php\/wp-json\/wp\/v2\/types\/post"}],"author":[{"embeddable":true,"href":"https:\/\/www.krajskakniznicazilina.sk\/index.php\/wp-json\/wp\/v2\/users\/1"}],"replies":[{"embeddable":true,"href":"https:\/\/www.krajskakniznicazilina.sk\/index.php\/wp-json\/wp\/v2\/comments?post=17764"}],"version-history":[{"count":2,"href":"https:\/\/www.krajskakniznicazilina.sk\/index.php\/wp-json\/wp\/v2\/posts\/17764\/revisions"}],"predecessor-version":[{"id":17767,"href":"https:\/\/www.krajskakniznicazilina.sk\/index.php\/wp-json\/wp\/v2\/posts\/17764\/revisions\/17767"}],"wp:attachment":[{"href":"https:\/\/www.krajskakniznicazilina.sk\/index.php\/wp-json\/wp\/v2\/media?parent=17764"}],"wp:term":[{"taxonomy":"category","embeddable":true,"href":"https:\/\/www.krajskakniznicazilina.sk\/index.php\/wp-json\/wp\/v2\/categories?post=17764"},{"taxonomy":"post_tag","embeddable":true,"href":"https:\/\/www.krajskakniznicazilina.sk\/index.php\/wp-json\/wp\/v2\/tags?post=17764"}],"curies":[{"name":"wp","href":"https:\/\/api.w.org\/{rel}","templated":true}]}}