{"id":17781,"date":"2026-09-03T09:00:46","date_gmt":"2026-09-03T07:00:46","guid":{"rendered":"https:\/\/www.krajskakniznicazilina.sk\/?p=17781"},"modified":"2026-09-03T09:02:45","modified_gmt":"2026-09-03T07:02:45","slug":"3-septembra-bude-2-poschodie-zatvorene-do-1500","status":"publish","type":"post","link":"https:\/\/www.krajskakniznicazilina.sk\/index.php\/2026\/09\/03\/3-septembra-bude-2-poschodie-zatvorene-do-1500\/","title":{"rendered":"3. septembra bude 2. poschodie ZATVOREN\u00c9 do 15:00"},"content":{"rendered":"<p>V\u00e1\u017een\u00ed \u010ditatelia,<a href=\"https:\/\/www.krajskakniznicazilina.sk\/clanky\/2026\/09\/oznam%20zatvorenie%20det.jpg\"><img decoding=\"async\" class=\"size-full alignright\" src=\"https:\/\/www.krajskakniznicazilina.sk\/clanky\/2026\/09\/oznam%20zatvorenie%20det.jpg\" alt=\"oznam\" width=\"40%\" height=\"40%\" \/><\/a> z d\u00f4vodu rekon\u0161truk\u010dn\u00fdch pr\u00e1c bud\u00fa dnes, 3. septembra 2026, do 15:00 zatvoren\u00e9:<\/p>\n<ul>\n<li>\u00dasek detskej literat\u00fary<\/li>\n<li>Detsk\u00fd k\u00fatik<\/li>\n<li>Americk\u00e9 centrum<\/li>\n<li>Britsk\u00e9 centrum<\/li>\n<\/ul>\n<p>Za pochopenie a trpezlivos\u0165 \u010fakujeme.<\/p>\n","protected":false},"excerpt":{"rendered":"<p>V\u00e1\u017een\u00ed \u010ditatelia, z d\u00f4vodu rekon\u0161truk\u010dn\u00fdch pr\u00e1c bud\u00fa dnes, 3. septembra 2026, do 15:00 zatvoren\u00e9: \u00dasek detskej literat\u00fary Detsk\u00fd k\u00fatik Americk\u00e9 centrum Britsk\u00e9 centrum Za pochopenie a trpezlivos\u0165 \u010fakujeme.<\/p>\n","protected":false},"author":1,"featured_media":0,"comment_status":"open","ping_status":"open","sticky":false,"template":"","format":"image","meta":{"footnotes":""},"categories":[1],"tags":[],"class_list":["post-17781","post","type-post","status-publish","format-image","hentry","category-oznam","post_format-post-format-image"],"_links":{"self":[{"href":"https:\/\/www.krajskakniznicazilina.sk\/index.php\/wp-json\/wp\/v2\/posts\/17781","targetHints":{"allow":["GET"]}}],"collection":[{"href":"https:\/\/www.krajskakniznicazilina.sk\/index.php\/wp-json\/wp\/v2\/posts"}],"about":[{"href":"https:\/\/www.krajskakniznicazilina.sk\/index.php\/wp-json\/wp\/v2\/types\/post"}],"author":[{"embeddable":true,"href":"https:\/\/www.krajskakniznicazilina.sk\/index.php\/wp-json\/wp\/v2\/users\/1"}],"replies":[{"embeddable":true,"href":"https:\/\/www.krajskakniznicazilina.sk\/index.php\/wp-json\/wp\/v2\/comments?post=17781"}],"version-history":[{"count":2,"href":"https:\/\/www.krajskakniznicazilina.sk\/index.php\/wp-json\/wp\/v2\/posts\/17781\/revisions"}],"predecessor-version":[{"id":17783,"href":"https:\/\/www.krajskakniznicazilina.sk\/index.php\/wp-json\/wp\/v2\/posts\/17781\/revisions\/17783"}],"wp:attachment":[{"href":"https:\/\/www.krajskakniznicazilina.sk\/index.php\/wp-json\/wp\/v2\/media?parent=17781"}],"wp:term":[{"taxonomy":"category","embeddable":true,"href":"https:\/\/www.krajskakniznicazilina.sk\/index.php\/wp-json\/wp\/v2\/categories?post=17781"},{"taxonomy":"post_tag","embeddable":true,"href":"https:\/\/www.krajskakniznicazilina.sk\/index.php\/wp-json\/wp\/v2\/tags?post=17781"}],"curies":[{"name":"wp","href":"https:\/\/api.w.org\/{rel}","templated":true}]}}