{"id":1872,"date":"2018-07-06T09:06:26","date_gmt":"2018-07-06T07:06:26","guid":{"rendered":"http:\/\/www.krajskakniznicazilina.sk\/?p=1872"},"modified":"2018-07-03T10:10:42","modified_gmt":"2018-07-03T08:10:42","slug":"ukazme-svetu-rozum-a-cit","status":"publish","type":"post","link":"https:\/\/www.krajskakniznicazilina.sk\/index.php\/2018\/07\/06\/ukazme-svetu-rozum-a-cit\/","title":{"rendered":"Uk\u00e1\u017eme svetu Rozum a cit"},"content":{"rendered":"<p style=\"text-align: justify;\"><a href=\"http:\/\/www.krajskakniznicazilina.sk\/clanky\/2018\/07\/rozumAcit.jpg\"><img decoding=\"async\" class=\"size-medium alignright\" src=\"http:\/\/www.krajskakniznicazilina.sk\/clanky\/2018\/07\/rozumAcit.jpg\" width=\"35%\" height=\"35%\" \/><\/a>Putovn\u00e1 v\u00fdstava obsahuje fotografie zo spolo\u010dne str\u00e1ven\u00fdch v\u00edkendov\u00fdch pobytov n\u00e1hradn\u00fdch rodi\u010dov a ich det\u00ed, organizovan\u00fdch ob\u010dianskym zdru\u017een\u00edm Rozum a cit. Ob\u010dianske zdru\u017eenie pracuje v oblasti n\u00e1hradnej rodinnej starostlivosti. Sme tu, aby sme n\u00e1hradn\u00fdm rodin\u00e1m kryli chrb\u00e1t, ke\u010f je n\u00fadza najv\u00e4\u010d\u0161ia, aj ke\u010f im te\u010die do top\u00e1nok. Skvalit\u0148ujeme ich \u017eivot, preto\u017ee oce\u0148ujeme a v\u00e1\u017eime si ich rozhodnutie prija\u0165 opusten\u00e9 die\u0165a a milova\u0165 ho. V\u00fdstava fotografi\u00ed bude spr\u00edstupnen\u00e1 v\u00a0Krajskej kni\u017enici v\u00a0\u017diline do konca mesiaca.<\/p>\n<p style=\"text-align: justify;\"><strong>Uk\u00e1\u017eme svetu Rozum a\u00a0cit<\/strong><strong> &#8211; beseda<\/strong><br \/>\nRozhodnutie osvoji\u0165 si die\u0165a nie je jednoduch\u00e9, ani n\u00e1hle. Nov\u00ed rodi\u010dia sa kv\u00f4li \u0161pecifik\u00e1m n\u00e1hradnej rodinnej starostlivosti \u010dasto nemaj\u00fa na koho obr\u00e1ti\u0165. Jednou z\u00a0organiz\u00e1ci\u00ed, ktor\u00e9 im v\u00a0snahe budova\u0165 \u010do najlep\u0161\u00ed domov pom\u00e1haj\u00fa je OZ Rozum a\u00a0cit. O\u00a0svojej pr\u00e1ci porozpr\u00e1vaj\u00fa v\u00a0stredu <strong>11. j\u00fala o\u00a017:00<\/strong>.<\/p>\n","protected":false},"excerpt":{"rendered":"<p>Putovn\u00e1 v\u00fdstava obsahuje fotografie zo spolo\u010dne str\u00e1ven\u00fdch v\u00edkendov\u00fdch pobytov n\u00e1hradn\u00fdch rodi\u010dov a ich det\u00ed, organizovan\u00fdch ob\u010dianskym zdru\u017een\u00edm Rozum a cit. Ob\u010dianske zdru\u017eenie pracuje v oblasti n\u00e1hradnej rodinnej starostlivosti. Sme tu, aby sme n\u00e1hradn\u00fdm rodin\u00e1m kryli chrb\u00e1t, ke\u010f je n\u00fadza najv\u00e4\u010d\u0161ia, aj ke\u010f im te\u010die do top\u00e1nok. Skvalit\u0148ujeme ich \u017eivot, preto\u017ee oce\u0148ujeme a v\u00e1\u017eime si ich &#8230; <a title=\"Uk\u00e1\u017eme svetu Rozum a cit\" class=\"read-more\" href=\"https:\/\/www.krajskakniznicazilina.sk\/index.php\/2018\/07\/06\/ukazme-svetu-rozum-a-cit\/\" aria-label=\"Pre\u010d\u00edtajte si viac o Uk\u00e1\u017eme svetu Rozum a cit\">\u010c\u00edta\u0165 viac<\/a><\/p>\n","protected":false},"author":1,"featured_media":0,"comment_status":"open","ping_status":"open","sticky":false,"template":"","format":"image","meta":{"footnotes":""},"categories":[22,15],"tags":[],"class_list":["post-1872","post","type-post","status-publish","format-image","hentry","category-prednaska","category-vystava","post_format-post-format-image"],"_links":{"self":[{"href":"https:\/\/www.krajskakniznicazilina.sk\/index.php\/wp-json\/wp\/v2\/posts\/1872","targetHints":{"allow":["GET"]}}],"collection":[{"href":"https:\/\/www.krajskakniznicazilina.sk\/index.php\/wp-json\/wp\/v2\/posts"}],"about":[{"href":"https:\/\/www.krajskakniznicazilina.sk\/index.php\/wp-json\/wp\/v2\/types\/post"}],"author":[{"embeddable":true,"href":"https:\/\/www.krajskakniznicazilina.sk\/index.php\/wp-json\/wp\/v2\/users\/1"}],"replies":[{"embeddable":true,"href":"https:\/\/www.krajskakniznicazilina.sk\/index.php\/wp-json\/wp\/v2\/comments?post=1872"}],"version-history":[{"count":11,"href":"https:\/\/www.krajskakniznicazilina.sk\/index.php\/wp-json\/wp\/v2\/posts\/1872\/revisions"}],"predecessor-version":[{"id":1890,"href":"https:\/\/www.krajskakniznicazilina.sk\/index.php\/wp-json\/wp\/v2\/posts\/1872\/revisions\/1890"}],"wp:attachment":[{"href":"https:\/\/www.krajskakniznicazilina.sk\/index.php\/wp-json\/wp\/v2\/media?parent=1872"}],"wp:term":[{"taxonomy":"category","embeddable":true,"href":"https:\/\/www.krajskakniznicazilina.sk\/index.php\/wp-json\/wp\/v2\/categories?post=1872"},{"taxonomy":"post_tag","embeddable":true,"href":"https:\/\/www.krajskakniznicazilina.sk\/index.php\/wp-json\/wp\/v2\/tags?post=1872"}],"curies":[{"name":"wp","href":"https:\/\/api.w.org\/{rel}","templated":true}]}}