{"id":1898,"date":"2018-07-03T10:17:17","date_gmt":"2018-07-03T08:17:17","guid":{"rendered":"http:\/\/www.krajskakniznicazilina.sk\/?p=1898"},"modified":"2018-07-03T10:17:45","modified_gmt":"2018-07-03T08:17:45","slug":"o-okuliaroch","status":"publish","type":"post","link":"https:\/\/www.krajskakniznicazilina.sk\/index.php\/2018\/07\/03\/o-okuliaroch\/","title":{"rendered":"O okuliaroch"},"content":{"rendered":"<p style=\"text-align: justify;\"><strong>Detsk\u00e9 leto v kni\u017enici &#8211;\u00a0O okuliaroch<a href=\"http:\/\/www.krajskakniznicazilina.sk\/clanky\/2018\/07\/leto28t.jpg\"><img decoding=\"async\" class=\"size-medium alignleft\" src=\"http:\/\/www.krajskakniznicazilina.sk\/clanky\/2018\/07\/leto28t.jpg\" alt=\"O okuliaroch\" width=\"50%\" height=\"50%\" \/><\/a><\/strong><br \/>\nTvoriv\u00e9 dielne, z\u00e1\u017eitkov\u00e9 \u010d\u00edtanie, kluby a pikniky. To v\u0161etko je pripraven\u00e9 pre v\u00e1s a va\u0161e deti v Krajskej kni\u017enici v \u017diline po\u010das letn\u00fdch pr\u00e1zdnin. Tret\u00ed pr\u00e1zdninov\u00fd t\u00fd\u017ede\u0148 sa porozpr\u00e1vame o\u00a0priate\u013eoch. V\u00a0pondelok 16. j\u00fala o\u00a010:00 na v\u00e1s \u010dak\u00e1 tvoriv\u00e1 diel\u0148a s\u00a0\u010d\u00edtan\u00edm o\u00a0kamienkov\u00fdch kamar\u00e1toch. V\u00a0utorok 17. j\u00fala o\u00a013:00 sa pozrieme ako v\u010dely vyr\u00e1baj\u00fa med. Dobrovo\u013en\u00edci z\u00a0Univerzity tretieho veku n\u00e1m dovolia vysk\u00fa\u0161a\u0165 si vlastn\u00fdmi rukami ako sa z\u00a0pl\u00e1stov s\u0165ahuje med. \u00a0V\u00a0stredu 18. j\u00fala o\u00a010:00 bude tvoriv\u00e1 diel\u0148a O\u00a0priate\u013eoch. Vo \u0161tvrtok 19. j\u00fala o\u00a010:00 sa budeme hra\u0165 na klube spolo\u010densk\u00fdch hier.<\/p>\n","protected":false},"excerpt":{"rendered":"<p>Detsk\u00e9 leto v kni\u017enici &#8211;\u00a0O okuliaroch Tvoriv\u00e9 dielne, z\u00e1\u017eitkov\u00e9 \u010d\u00edtanie, kluby a pikniky. To v\u0161etko je pripraven\u00e9 pre v\u00e1s a va\u0161e deti v Krajskej kni\u017enici v \u017diline po\u010das letn\u00fdch pr\u00e1zdnin. Tret\u00ed pr\u00e1zdninov\u00fd t\u00fd\u017ede\u0148 sa porozpr\u00e1vame o\u00a0priate\u013eoch. V\u00a0pondelok 16. j\u00fala o\u00a010:00 na v\u00e1s \u010dak\u00e1 tvoriv\u00e1 diel\u0148a s\u00a0\u010d\u00edtan\u00edm o\u00a0kamienkov\u00fdch kamar\u00e1toch. V\u00a0utorok 17. j\u00fala o\u00a013:00 sa pozrieme ako &#8230; <a title=\"O okuliaroch\" class=\"read-more\" href=\"https:\/\/www.krajskakniznicazilina.sk\/index.php\/2018\/07\/03\/o-okuliaroch\/\" aria-label=\"Pre\u010d\u00edtajte si viac o O okuliaroch\">\u010c\u00edta\u0165 viac<\/a><\/p>\n","protected":false},"author":1,"featured_media":0,"comment_status":"open","ping_status":"open","sticky":false,"template":"","format":"image","meta":{"footnotes":""},"categories":[12,17],"tags":[],"class_list":["post-1898","post","type-post","status-publish","format-image","hentry","category-podujatie","category-program","post_format-post-format-image"],"_links":{"self":[{"href":"https:\/\/www.krajskakniznicazilina.sk\/index.php\/wp-json\/wp\/v2\/posts\/1898","targetHints":{"allow":["GET"]}}],"collection":[{"href":"https:\/\/www.krajskakniznicazilina.sk\/index.php\/wp-json\/wp\/v2\/posts"}],"about":[{"href":"https:\/\/www.krajskakniznicazilina.sk\/index.php\/wp-json\/wp\/v2\/types\/post"}],"author":[{"embeddable":true,"href":"https:\/\/www.krajskakniznicazilina.sk\/index.php\/wp-json\/wp\/v2\/users\/1"}],"replies":[{"embeddable":true,"href":"https:\/\/www.krajskakniznicazilina.sk\/index.php\/wp-json\/wp\/v2\/comments?post=1898"}],"version-history":[{"count":4,"href":"https:\/\/www.krajskakniznicazilina.sk\/index.php\/wp-json\/wp\/v2\/posts\/1898\/revisions"}],"predecessor-version":[{"id":1902,"href":"https:\/\/www.krajskakniznicazilina.sk\/index.php\/wp-json\/wp\/v2\/posts\/1898\/revisions\/1902"}],"wp:attachment":[{"href":"https:\/\/www.krajskakniznicazilina.sk\/index.php\/wp-json\/wp\/v2\/media?parent=1898"}],"wp:term":[{"taxonomy":"category","embeddable":true,"href":"https:\/\/www.krajskakniznicazilina.sk\/index.php\/wp-json\/wp\/v2\/categories?post=1898"},{"taxonomy":"post_tag","embeddable":true,"href":"https:\/\/www.krajskakniznicazilina.sk\/index.php\/wp-json\/wp\/v2\/tags?post=1898"}],"curies":[{"name":"wp","href":"https:\/\/api.w.org\/{rel}","templated":true}]}}