{"id":2008,"date":"2018-07-31T07:11:41","date_gmt":"2018-07-31T05:11:41","guid":{"rendered":"http:\/\/www.krajskakniznicazilina.sk\/?p=2008"},"modified":"2018-07-31T09:57:21","modified_gmt":"2018-07-31T07:57:21","slug":"6-pamatny-vystup-na-velky-rozsutec","status":"publish","type":"post","link":"https:\/\/www.krajskakniznicazilina.sk\/index.php\/2018\/07\/31\/6-pamatny-vystup-na-velky-rozsutec\/","title":{"rendered":"6. pam\u00e4tn\u00fd v\u00fdstup na Ve\u013ek\u00fd Rozsutec"},"content":{"rendered":"<p style=\"text-align: justify;\"><strong>8. septembra 2018<\/strong> sa bude kona\u0165 u\u017e 6. ro\u010dn\u00edk pam\u00e4t\u00e9ho v\u00fdstupu na Ve\u013ek\u00fd Rozsutec na po\u010des\u0165 J\u00e1na Pavla II.<\/p>\n<h4 style=\"text-align: justify;\"><strong>Program<\/strong><\/h4>\n<ul>\n<li style=\"text-align: justify;\"><strong>6:40<\/strong> Odchod \u00fa\u010dastn\u00edkov \u0161peci\u00e1lnym autobusom zo \u017diliny \/autobusov\u00e1 stanica, n\u00e1stupi\u0161te \u010d.10\/<\/li>\n<li style=\"text-align: justify;\"><strong>7:30<\/strong> Sv\u00e4t\u00e1 om\u0161a v kostole Sv. Cyrila a Metoda v Terchovej<\/li>\n<li style=\"text-align: justify;\"><strong>8:15<\/strong> Odchod \u00fa\u010dastn\u00edkov autobusom do \u0160tefanovej<\/li>\n<li style=\"text-align: justify;\"><strong>17:00<\/strong> Z\u00e1ver, odchod \u00fa\u010dastn\u00edkov \u0161peci\u00e1lnym autobusom &#8211; smer \u017dilina<\/li>\n<\/ul>\n<p style=\"text-align: justify;\">V pr\u00edpade nepriazniv\u00e9ho po\u010dasia sa uskuto\u010dn\u00ed sv\u00e4t\u00e1 om\u0161a o 7:30 a n\u00e1hradn\u00fd turistick\u00fd program.<a style=\"text-align: justify;\" href=\"http:\/\/www.krajskakniznicazilina.sk\/clanky\/2018\/08\/rozsutec2018.jpg\"><img decoding=\"async\" class=\"size-medium alignleft\" src=\"http:\/\/www.krajskakniznicazilina.sk\/clanky\/2018\/08\/rozsutec2018.jpg\" alt=\"V\u00fdstup na Rozsutec 2018\" width=\"40%\" height=\"40%\" \/><\/a><a href=\"http:\/\/www.krajskakniznicazilina.sk\/clanky\/2018\/08\/Rozsutec.jpg\"><img decoding=\"async\" class=\"size-medium alignright\" src=\"http:\/\/www.krajskakniznicazilina.sk\/clanky\/2018\/08\/Rozsutec.jpg\" alt=\"Rozsutec\" width=\"40%\" height=\"40%\" \/><\/a><\/p>\n<p>&nbsp;<\/p>\n<p>&nbsp;<\/p>\n","protected":false},"excerpt":{"rendered":"<p>8. septembra 2018 sa bude kona\u0165 u\u017e 6. ro\u010dn\u00edk pam\u00e4t\u00e9ho v\u00fdstupu na Ve\u013ek\u00fd Rozsutec na po\u010des\u0165 J\u00e1na Pavla II. Program 6:40 Odchod \u00fa\u010dastn\u00edkov \u0161peci\u00e1lnym autobusom zo \u017diliny \/autobusov\u00e1 stanica, n\u00e1stupi\u0161te \u010d.10\/ 7:30 Sv\u00e4t\u00e1 om\u0161a v kostole Sv. Cyrila a Metoda v Terchovej 8:15 Odchod \u00fa\u010dastn\u00edkov autobusom do \u0160tefanovej 17:00 Z\u00e1ver, odchod \u00fa\u010dastn\u00edkov \u0161peci\u00e1lnym autobusom &#8211; &#8230; <a title=\"6. pam\u00e4tn\u00fd v\u00fdstup na Ve\u013ek\u00fd Rozsutec\" class=\"read-more\" href=\"https:\/\/www.krajskakniznicazilina.sk\/index.php\/2018\/07\/31\/6-pamatny-vystup-na-velky-rozsutec\/\" aria-label=\"Pre\u010d\u00edtajte si viac o 6. pam\u00e4tn\u00fd v\u00fdstup na Ve\u013ek\u00fd Rozsutec\">\u010c\u00edta\u0165 viac<\/a><\/p>\n","protected":false},"author":1,"featured_media":0,"comment_status":"open","ping_status":"open","sticky":false,"template":"","format":"image","meta":{"footnotes":""},"categories":[1],"tags":[],"class_list":["post-2008","post","type-post","status-publish","format-image","hentry","category-oznam","post_format-post-format-image"],"_links":{"self":[{"href":"https:\/\/www.krajskakniznicazilina.sk\/index.php\/wp-json\/wp\/v2\/posts\/2008","targetHints":{"allow":["GET"]}}],"collection":[{"href":"https:\/\/www.krajskakniznicazilina.sk\/index.php\/wp-json\/wp\/v2\/posts"}],"about":[{"href":"https:\/\/www.krajskakniznicazilina.sk\/index.php\/wp-json\/wp\/v2\/types\/post"}],"author":[{"embeddable":true,"href":"https:\/\/www.krajskakniznicazilina.sk\/index.php\/wp-json\/wp\/v2\/users\/1"}],"replies":[{"embeddable":true,"href":"https:\/\/www.krajskakniznicazilina.sk\/index.php\/wp-json\/wp\/v2\/comments?post=2008"}],"version-history":[{"count":8,"href":"https:\/\/www.krajskakniznicazilina.sk\/index.php\/wp-json\/wp\/v2\/posts\/2008\/revisions"}],"predecessor-version":[{"id":2015,"href":"https:\/\/www.krajskakniznicazilina.sk\/index.php\/wp-json\/wp\/v2\/posts\/2008\/revisions\/2015"}],"wp:attachment":[{"href":"https:\/\/www.krajskakniznicazilina.sk\/index.php\/wp-json\/wp\/v2\/media?parent=2008"}],"wp:term":[{"taxonomy":"category","embeddable":true,"href":"https:\/\/www.krajskakniznicazilina.sk\/index.php\/wp-json\/wp\/v2\/categories?post=2008"},{"taxonomy":"post_tag","embeddable":true,"href":"https:\/\/www.krajskakniznicazilina.sk\/index.php\/wp-json\/wp\/v2\/tags?post=2008"}],"curies":[{"name":"wp","href":"https:\/\/api.w.org\/{rel}","templated":true}]}}