{"id":2080,"date":"2018-08-16T13:22:20","date_gmt":"2018-08-16T11:22:20","guid":{"rendered":"http:\/\/www.krajskakniznicazilina.sk\/?p=2080"},"modified":"2018-08-14T13:25:24","modified_gmt":"2018-08-14T11:25:24","slug":"o-chorobe","status":"publish","type":"post","link":"https:\/\/www.krajskakniznicazilina.sk\/index.php\/2018\/08\/16\/o-chorobe\/","title":{"rendered":"O chorobe"},"content":{"rendered":"<p style=\"text-align: justify;\"><a href=\"http:\/\/www.krajskakniznicazilina.sk\/clanky\/2018\/08\/leto34t.jpg\"><img decoding=\"async\" class=\"alignleft size-medium\" src=\"http:\/\/www.krajskakniznicazilina.sk\/clanky\/2018\/08\/leto34t.jpg\" width=\"45%\" height=\"45%\" \/><\/a>Tvoriv\u00e9 dielne, z\u00e1\u017eitkov\u00e9 \u010d\u00edtanie, kluby a pikniky. To v\u0161etko je pripraven\u00e9 pre v\u00e1s a va\u0161e deti v Krajskej kni\u017enici v \u017diline po\u010das letn\u00fdch pr\u00e1zdnin. \u00d4smy pr\u00e1zdninov\u00fd t\u00fd\u017ede\u0148 sa porozpr\u00e1vame o\u00a0chorobe. V\u00a0pondelok 20. augusta o\u00a09:30 si vysk\u00fa\u0161ame tvorenie z\u00a0papierov\u00fdch roliek. V\u00a0utorok 21. augusta o\u00a010:00 sa porozpr\u00e1vame o zdrav\u00ed. V\u00a0stredu 22. augusta o\u00a010:00 bude tvoriv\u00e1 diel\u0148a o\u00a0chorobe a vo \u0161tvrtok 23. augusta o\u00a010:00 sa budeme hra\u0165 na klube spolo\u010densk\u00fdch hier.<\/p>\n","protected":false},"excerpt":{"rendered":"<p>Tvoriv\u00e9 dielne, z\u00e1\u017eitkov\u00e9 \u010d\u00edtanie, kluby a pikniky. To v\u0161etko je pripraven\u00e9 pre v\u00e1s a va\u0161e deti v Krajskej kni\u017enici v \u017diline po\u010das letn\u00fdch pr\u00e1zdnin. \u00d4smy pr\u00e1zdninov\u00fd t\u00fd\u017ede\u0148 sa porozpr\u00e1vame o\u00a0chorobe. V\u00a0pondelok 20. augusta o\u00a09:30 si vysk\u00fa\u0161ame tvorenie z\u00a0papierov\u00fdch roliek. V\u00a0utorok 21. augusta o\u00a010:00 sa porozpr\u00e1vame o zdrav\u00ed. V\u00a0stredu 22. augusta o\u00a010:00 bude tvoriv\u00e1 diel\u0148a o\u00a0chorobe &#8230; <a title=\"O chorobe\" class=\"read-more\" href=\"https:\/\/www.krajskakniznicazilina.sk\/index.php\/2018\/08\/16\/o-chorobe\/\" aria-label=\"Pre\u010d\u00edtajte si viac o O chorobe\">\u010c\u00edta\u0165 viac<\/a><\/p>\n","protected":false},"author":1,"featured_media":0,"comment_status":"open","ping_status":"open","sticky":false,"template":"","format":"image","meta":{"footnotes":""},"categories":[12,17],"tags":[],"class_list":["post-2080","post","type-post","status-publish","format-image","hentry","category-podujatie","category-program","post_format-post-format-image"],"_links":{"self":[{"href":"https:\/\/www.krajskakniznicazilina.sk\/index.php\/wp-json\/wp\/v2\/posts\/2080","targetHints":{"allow":["GET"]}}],"collection":[{"href":"https:\/\/www.krajskakniznicazilina.sk\/index.php\/wp-json\/wp\/v2\/posts"}],"about":[{"href":"https:\/\/www.krajskakniznicazilina.sk\/index.php\/wp-json\/wp\/v2\/types\/post"}],"author":[{"embeddable":true,"href":"https:\/\/www.krajskakniznicazilina.sk\/index.php\/wp-json\/wp\/v2\/users\/1"}],"replies":[{"embeddable":true,"href":"https:\/\/www.krajskakniznicazilina.sk\/index.php\/wp-json\/wp\/v2\/comments?post=2080"}],"version-history":[{"count":1,"href":"https:\/\/www.krajskakniznicazilina.sk\/index.php\/wp-json\/wp\/v2\/posts\/2080\/revisions"}],"predecessor-version":[{"id":2081,"href":"https:\/\/www.krajskakniznicazilina.sk\/index.php\/wp-json\/wp\/v2\/posts\/2080\/revisions\/2081"}],"wp:attachment":[{"href":"https:\/\/www.krajskakniznicazilina.sk\/index.php\/wp-json\/wp\/v2\/media?parent=2080"}],"wp:term":[{"taxonomy":"category","embeddable":true,"href":"https:\/\/www.krajskakniznicazilina.sk\/index.php\/wp-json\/wp\/v2\/categories?post=2080"},{"taxonomy":"post_tag","embeddable":true,"href":"https:\/\/www.krajskakniznicazilina.sk\/index.php\/wp-json\/wp\/v2\/tags?post=2080"}],"curies":[{"name":"wp","href":"https:\/\/api.w.org\/{rel}","templated":true}]}}