{"id":2082,"date":"2018-08-17T08:26:11","date_gmt":"2018-08-17T06:26:11","guid":{"rendered":"http:\/\/www.krajskakniznicazilina.sk\/?p=2082"},"modified":"2018-08-21T10:37:45","modified_gmt":"2018-08-21T08:37:45","slug":"smartfon-kurz","status":"publish","type":"post","link":"https:\/\/www.krajskakniznicazilina.sk\/index.php\/2018\/08\/17\/smartfon-kurz\/","title":{"rendered":"Smartf\u00f3n kurz"},"content":{"rendered":"<p style=\"text-align: justify;\"><a href=\"http:\/\/www.krajskakniznicazilina.sk\/clanky\/2018\/08\/smartfon.jpg\"><img decoding=\"async\" class=\"alignright size-medium\" src=\"http:\/\/www.krajskakniznicazilina.sk\/clanky\/2018\/08\/smartfon.jpg\" width=\"45%\" height=\"45%\" \/><\/a><\/p>\n<p style=\"text-align: justify;\">Neposl\u00facha v\u00e1s v\u00e1\u0161 tla\u010d\u00edtkov\u00fd telef\u00f3n, ale hladkacieho sa boj\u00edte? Nebojte sa! Pom\u00f4\u017eeme v\u00e1m so z\u00e1kladn\u00fdmi funkciami a prv\u00fdmi krokmi. Spojte sa so svetom najmodernej\u0161\u00edch technol\u00f3gi\u00ed u\u017e dnes. Pre \u00fa\u010das\u0165 na kurze je potrebn\u00e9 ma\u0165 vlastn\u00fd Smartf\u00f3n. Prv\u00e9 stretnutie kurzu bude v\u00a0pondelok <strong>27. augusta o\u00a08:00<\/strong>.<\/p>\n","protected":false},"excerpt":{"rendered":"<p>Neposl\u00facha v\u00e1s v\u00e1\u0161 tla\u010d\u00edtkov\u00fd telef\u00f3n, ale hladkacieho sa boj\u00edte? Nebojte sa! Pom\u00f4\u017eeme v\u00e1m so z\u00e1kladn\u00fdmi funkciami a prv\u00fdmi krokmi. Spojte sa so svetom najmodernej\u0161\u00edch technol\u00f3gi\u00ed u\u017e dnes. Pre \u00fa\u010das\u0165 na kurze je potrebn\u00e9 ma\u0165 vlastn\u00fd Smartf\u00f3n. Prv\u00e9 stretnutie kurzu bude v\u00a0pondelok 27. augusta o\u00a08:00.<\/p>\n","protected":false},"author":1,"featured_media":0,"comment_status":"open","ping_status":"open","sticky":false,"template":"","format":"image","meta":{"footnotes":""},"categories":[1],"tags":[],"class_list":["post-2082","post","type-post","status-publish","format-image","hentry","category-oznam","post_format-post-format-image"],"_links":{"self":[{"href":"https:\/\/www.krajskakniznicazilina.sk\/index.php\/wp-json\/wp\/v2\/posts\/2082","targetHints":{"allow":["GET"]}}],"collection":[{"href":"https:\/\/www.krajskakniznicazilina.sk\/index.php\/wp-json\/wp\/v2\/posts"}],"about":[{"href":"https:\/\/www.krajskakniznicazilina.sk\/index.php\/wp-json\/wp\/v2\/types\/post"}],"author":[{"embeddable":true,"href":"https:\/\/www.krajskakniznicazilina.sk\/index.php\/wp-json\/wp\/v2\/users\/1"}],"replies":[{"embeddable":true,"href":"https:\/\/www.krajskakniznicazilina.sk\/index.php\/wp-json\/wp\/v2\/comments?post=2082"}],"version-history":[{"count":3,"href":"https:\/\/www.krajskakniznicazilina.sk\/index.php\/wp-json\/wp\/v2\/posts\/2082\/revisions"}],"predecessor-version":[{"id":2101,"href":"https:\/\/www.krajskakniznicazilina.sk\/index.php\/wp-json\/wp\/v2\/posts\/2082\/revisions\/2101"}],"wp:attachment":[{"href":"https:\/\/www.krajskakniznicazilina.sk\/index.php\/wp-json\/wp\/v2\/media?parent=2082"}],"wp:term":[{"taxonomy":"category","embeddable":true,"href":"https:\/\/www.krajskakniznicazilina.sk\/index.php\/wp-json\/wp\/v2\/categories?post=2082"},{"taxonomy":"post_tag","embeddable":true,"href":"https:\/\/www.krajskakniznicazilina.sk\/index.php\/wp-json\/wp\/v2\/tags?post=2082"}],"curies":[{"name":"wp","href":"https:\/\/api.w.org\/{rel}","templated":true}]}}