{"id":2097,"date":"2018-08-21T10:34:58","date_gmt":"2018-08-21T08:34:58","guid":{"rendered":"http:\/\/www.krajskakniznicazilina.sk\/?p=2097"},"modified":"2019-10-08T12:58:30","modified_gmt":"2019-10-08T10:58:30","slug":"biblosko-o-odvahe","status":"publish","type":"post","link":"https:\/\/www.krajskakniznicazilina.sk\/index.php\/2018\/08\/21\/biblosko-o-odvahe\/","title":{"rendered":"Biblosko o odvahe"},"content":{"rendered":"<p style=\"text-align: justify;\"><a href=\"http:\/\/www.krajskakniznicazilina.sk\/clanky\/2018\/08\/biblosko08.jpg\"><img decoding=\"async\" class=\"alignleft size-medium\" src=\"http:\/\/www.krajskakniznicazilina.sk\/clanky\/2018\/08\/biblosko08.jpg\" width=\"20%\" height=\"20%\" \/><\/a><\/p>\n<p style=\"text-align: justify;\">\u010citate\u013esk\u00fd klub pre \u017eiakov 1. stup\u0148a z\u00e1kladn\u00fdch \u0161k\u00f4l. Jeho cie\u013eom je rozvoj \u010ditate\u013eskej gramotnosti a podpora \u010d\u00edtania u \u010ditate\u013eov \u201eza\u010diato\u010dn\u00edkov\u201c. Nov\u00fdch \u010dlenov klubu radi priv\u00edtame v\u00a0Krajskej kni\u017enici v\u00a0\u017diline v\u00a0utorok <strong>28. augusta o\u00a015:00<\/strong>. T\u00e9mou stretnutia bud\u00fa knihy o\u00a0odvahe.<\/p>\n","protected":false},"excerpt":{"rendered":"<p>\u010citate\u013esk\u00fd klub pre \u017eiakov 1. stup\u0148a z\u00e1kladn\u00fdch \u0161k\u00f4l. Jeho cie\u013eom je rozvoj \u010ditate\u013eskej gramotnosti a podpora \u010d\u00edtania u \u010ditate\u013eov \u201eza\u010diato\u010dn\u00edkov\u201c. Nov\u00fdch \u010dlenov klubu radi priv\u00edtame v\u00a0Krajskej kni\u017enici v\u00a0\u017diline v\u00a0utorok 28. augusta o\u00a015:00. T\u00e9mou stretnutia bud\u00fa knihy o\u00a0odvahe.<\/p>\n","protected":false},"author":1,"featured_media":0,"comment_status":"open","ping_status":"open","sticky":false,"template":"","format":"image","meta":{"footnotes":""},"categories":[32,23,12],"tags":[],"class_list":["post-2097","post","type-post","status-publish","format-image","hentry","category-biblosko","category-klub","category-podujatie","post_format-post-format-image"],"_links":{"self":[{"href":"https:\/\/www.krajskakniznicazilina.sk\/index.php\/wp-json\/wp\/v2\/posts\/2097","targetHints":{"allow":["GET"]}}],"collection":[{"href":"https:\/\/www.krajskakniznicazilina.sk\/index.php\/wp-json\/wp\/v2\/posts"}],"about":[{"href":"https:\/\/www.krajskakniznicazilina.sk\/index.php\/wp-json\/wp\/v2\/types\/post"}],"author":[{"embeddable":true,"href":"https:\/\/www.krajskakniznicazilina.sk\/index.php\/wp-json\/wp\/v2\/users\/1"}],"replies":[{"embeddable":true,"href":"https:\/\/www.krajskakniznicazilina.sk\/index.php\/wp-json\/wp\/v2\/comments?post=2097"}],"version-history":[{"count":3,"href":"https:\/\/www.krajskakniznicazilina.sk\/index.php\/wp-json\/wp\/v2\/posts\/2097\/revisions"}],"predecessor-version":[{"id":2100,"href":"https:\/\/www.krajskakniznicazilina.sk\/index.php\/wp-json\/wp\/v2\/posts\/2097\/revisions\/2100"}],"wp:attachment":[{"href":"https:\/\/www.krajskakniznicazilina.sk\/index.php\/wp-json\/wp\/v2\/media?parent=2097"}],"wp:term":[{"taxonomy":"category","embeddable":true,"href":"https:\/\/www.krajskakniznicazilina.sk\/index.php\/wp-json\/wp\/v2\/categories?post=2097"},{"taxonomy":"post_tag","embeddable":true,"href":"https:\/\/www.krajskakniznicazilina.sk\/index.php\/wp-json\/wp\/v2\/tags?post=2097"}],"curies":[{"name":"wp","href":"https:\/\/api.w.org\/{rel}","templated":true}]}}