{"id":2691,"date":"2018-12-21T10:59:39","date_gmt":"2018-12-21T09:59:39","guid":{"rendered":"http:\/\/www.krajskakniznicazilina.sk\/?p=2691"},"modified":"2020-03-19T17:51:30","modified_gmt":"2020-03-19T16:51:30","slug":"tvorime-vlastnu-knihu-2018-2019","status":"publish","type":"post","link":"https:\/\/www.krajskakniznicazilina.sk\/index.php\/2018\/12\/21\/tvorime-vlastnu-knihu-2018-2019\/","title":{"rendered":"Tvor\u00edme vlastn\u00fa knihu 2018\/2019"},"content":{"rendered":"<p style=\"text-align: justify;\">Krajsk\u00e1 kni\u017enica v \u017diline, organiz\u00e1cia v zria\u010fovate\u013eskej p\u00f4sobnosti \u017dilinsk\u00e9ho samospr\u00e1vneho kraja vyhlasuje 20. ro\u010dn\u00edk medzin\u00e1rodnej slovensko &#8211; \u010desko &#8211; po\u013eskej s\u00fa\u0165a\u017ee TVOR\u00cdME VLASTN\u00da KNIHU<a href=\"http:\/\/www.krajskakniznicazilina.sk\/clanky\/2018\/12\/TVK1819.JPG\"><img decoding=\"async\" class=\"size-medium alignleft\" src=\"http:\/\/www.krajskakniznicazilina.sk\/clanky\/2018\/12\/TVK1819.JPG\" width=\"40%\" height=\"40%\" \/><\/a><\/p>\n<p style=\"text-align: justify;\"><strong>Organiz\u00e1tori s\u00fa\u0165a\u017ee<\/strong>:<br \/>\nOrganiz\u00e1torom medzin\u00e1rodn\u00e9ho kola s\u00fa\u0165a\u017ee je Krajsk\u00e1 kni\u017enica v \u017diline (\u017dilina, Slovensk\u00e1 republika), partnermi s\u00fa M\u011bstska knihovna vo Fr\u00fddku-M\u00edstku (\u010cesk\u00e1 republika) a Ksiaznica Beskidzka Bielsko-Biala (Po\u013esk\u00e1 republika).<\/p>\n<p style=\"text-align: justify;\">T\u00e9mou ro\u010dn\u00edka 2018\/2019 bude: <strong>Putovanie po krajine fant\u00e1zie <\/strong>(zauj\u00edmav\u00e9 rozpr\u00e1vanie * nap\u00ednav\u00fd pr\u00edbeh * p\u00fatav\u00e1 rozpr\u00e1vka * humor * dobrodru\u017estvo)<\/p>\n<p style=\"text-align: justify;\"><strong>Forma:<\/strong><br \/>\nFormou je ilustrovan\u00e1 kniha s maxim\u00e1lnym rozsahom do 30 str\u00e1n. Ilustr\u00e1cie by mali by\u0165 vlastnoru\u010dn\u00e9, nakreslen\u00e9 \u013eubovo\u013enou technikou. Je povolen\u00fd aj prepis textov a vytvorenie obr\u00e1zkov prostredn\u00edctvom PC techniky. Knihy viazan\u00e9 knih\u00e1rom nebud\u00fa do s\u00fa\u0165a\u017ee zaraden\u00e9.<\/p>\n<p style=\"text-align: justify;\"><!--more--><\/p>\n<p style=\"text-align: justify;\"><strong><a href=\"http:\/\/www.krajskakniznicazilina.sk\/clanky\/2019\/02\/TVK.jpg\"><img decoding=\"async\" class=\"alignright size-thumbnail\" src=\"http:\/\/www.krajskakniznicazilina.sk\/clanky\/2019\/02\/TVK.jpg\" width=\"40%\" height=\"40%\" \/><\/a>Hodnoten\u00e1 bude:<\/strong><\/p>\n<ul>\n<li style=\"text-align: justify;\">obsahov\u00e1 kvalita,<\/li>\n<li style=\"text-align: justify;\">zhoda s tematick\u00fdm zadan\u00edm,<\/li>\n<li style=\"text-align: justify;\">originalita pr\u00edbehu (plagi\u00e1ty nebud\u00fa v s\u00fa\u0165a\u017ei akceptovan\u00e9),<\/li>\n<li style=\"text-align: justify;\">estetika, v\u00fdtvarn\u00e9 c\u00edtenie,<\/li>\n<li style=\"text-align: justify;\">n\u00e1paditos\u0165.<\/li>\n<\/ul>\n<p style=\"text-align: justify;\"><strong>S\u00fa\u0165a\u017e:<\/strong><\/p>\n<ul>\n<li style=\"text-align: justify;\">I. kateg\u00f3ria &#8211; deti do 12 rokov,<\/li>\n<li style=\"text-align: justify;\">II. kateg\u00f3ria &#8211; deti a ml\u00e1de\u017e od 13 do 16 rokov,<\/li>\n<li style=\"text-align: justify;\">III. kateg\u00f3ria &#8211; deti a ml\u00e1de\u017e \u0161peci\u00e1lnych Z\u0160 a zdravotne znev\u00fdhodnen\u00ed do 20 rokov.<\/li>\n<\/ul>\n<p>S\u00fa\u0165a\u017e je ur\u010den\u00e1 \u017eiakov z\u00e1kladn\u00fdch a stredn\u00fdch \u0161k\u00f4l pr\u00edslu\u0161nej vekovej kateg\u00f3rie, pre verejn\u00e9 kni\u017enice, kult\u00farne stredisk\u00e1, \u0161peci\u00e1lne \u0161koly a v\u00fdchovn\u00e9 zariadenia. Do s\u00fa\u0165a\u017ee je mo\u017en\u00e9 sa zapoji\u0165 aj individu\u00e1lne alebo maxim\u00e1lne v dvoj\u010dlenn\u00fdch autorsk\u00fdch kolekt\u00edvoch.<\/p>\n<p style=\"text-align: justify;\"><strong>Organiz\u00e1cia s\u00fa\u0165a\u017ee:<\/strong><br \/>\nPo prijat\u00ed propoz\u00edci\u00ed propaguj\u00fa kni\u017enice s\u00fa\u0165a\u017e medzi jednotlivcami.<\/p>\n<p style=\"text-align: justify;\">S\u00fa\u0165a\u017en\u00e9 pr\u00e1ce n\u00e1rodn\u00e9ho kola v Slovenskej republike je potrebn\u00e9 zasla\u0165 na adresu:<br \/>\nKrajsk\u00e1 kni\u017enica v \u017diline<br \/>\nUl. A. Bernol\u00e1ka 47<br \/>\n011 15 \u017dilina<br \/>\nNa ob\u00e1lku text: TVOR\u00cdME VLASTN\u00da KNIHU<\/p>\n<p style=\"text-align: justify;\"><strong>Kontaktn\u00e9 osoby v SR<\/strong> \/pre n\u00e1rodn\u00e9 a medzin\u00e1rodn\u00e9 kolo\/:<br \/>\nJanka Zurovacova, tel.:041\/7233090, mail: janinkaza@seznam.cz<br \/>\nZuzana Mjartanov\u00e1, tel.:041\/7232745, mail: mjartanova@krajskakniznicazilina.sk<br \/>\nKontakty a sp\u00f4sob organiz\u00e1cie n\u00e1rodn\u00e9ho kola si ur\u010dia partnersk\u00e9 kni\u017enice.<\/p>\n<p style=\"text-align: justify;\">Term\u00edn odoslania pr\u00e1c do n\u00e1rodn\u00e9ho kola v Slovenskej republike je najnesk\u00f4r do <strong>31.3.2019.<\/strong><\/p>\n","protected":false},"excerpt":{"rendered":"<p>Krajsk\u00e1 kni\u017enica v \u017diline, organiz\u00e1cia v zria\u010fovate\u013eskej p\u00f4sobnosti \u017dilinsk\u00e9ho samospr\u00e1vneho kraja vyhlasuje 20. ro\u010dn\u00edk medzin\u00e1rodnej slovensko &#8211; \u010desko &#8211; po\u013eskej s\u00fa\u0165a\u017ee TVOR\u00cdME VLASTN\u00da KNIHU Organiz\u00e1tori s\u00fa\u0165a\u017ee: Organiz\u00e1torom medzin\u00e1rodn\u00e9ho kola s\u00fa\u0165a\u017ee je Krajsk\u00e1 kni\u017enica v \u017diline (\u017dilina, Slovensk\u00e1 republika), partnermi s\u00fa M\u011bstska knihovna vo Fr\u00fddku-M\u00edstku (\u010cesk\u00e1 republika) a Ksiaznica Beskidzka Bielsko-Biala (Po\u013esk\u00e1 republika). T\u00e9mou ro\u010dn\u00edka 2018\/2019 &#8230; <a title=\"Tvor\u00edme vlastn\u00fa knihu 2018\/2019\" class=\"read-more\" href=\"https:\/\/www.krajskakniznicazilina.sk\/index.php\/2018\/12\/21\/tvorime-vlastnu-knihu-2018-2019\/\" aria-label=\"Pre\u010d\u00edtajte si viac o Tvor\u00edme vlastn\u00fa knihu 2018\/2019\">\u010c\u00edta\u0165 viac<\/a><\/p>\n","protected":false},"author":1,"featured_media":0,"comment_status":"open","ping_status":"open","sticky":false,"template":"","format":"image","meta":{"footnotes":""},"categories":[1,43],"tags":[],"class_list":["post-2691","post","type-post","status-publish","format-image","hentry","category-oznam","category-tvk","post_format-post-format-image"],"_links":{"self":[{"href":"https:\/\/www.krajskakniznicazilina.sk\/index.php\/wp-json\/wp\/v2\/posts\/2691","targetHints":{"allow":["GET"]}}],"collection":[{"href":"https:\/\/www.krajskakniznicazilina.sk\/index.php\/wp-json\/wp\/v2\/posts"}],"about":[{"href":"https:\/\/www.krajskakniznicazilina.sk\/index.php\/wp-json\/wp\/v2\/types\/post"}],"author":[{"embeddable":true,"href":"https:\/\/www.krajskakniznicazilina.sk\/index.php\/wp-json\/wp\/v2\/users\/1"}],"replies":[{"embeddable":true,"href":"https:\/\/www.krajskakniznicazilina.sk\/index.php\/wp-json\/wp\/v2\/comments?post=2691"}],"version-history":[{"count":7,"href":"https:\/\/www.krajskakniznicazilina.sk\/index.php\/wp-json\/wp\/v2\/posts\/2691\/revisions"}],"predecessor-version":[{"id":2903,"href":"https:\/\/www.krajskakniznicazilina.sk\/index.php\/wp-json\/wp\/v2\/posts\/2691\/revisions\/2903"}],"wp:attachment":[{"href":"https:\/\/www.krajskakniznicazilina.sk\/index.php\/wp-json\/wp\/v2\/media?parent=2691"}],"wp:term":[{"taxonomy":"category","embeddable":true,"href":"https:\/\/www.krajskakniznicazilina.sk\/index.php\/wp-json\/wp\/v2\/categories?post=2691"},{"taxonomy":"post_tag","embeddable":true,"href":"https:\/\/www.krajskakniznicazilina.sk\/index.php\/wp-json\/wp\/v2\/tags?post=2691"}],"curies":[{"name":"wp","href":"https:\/\/api.w.org\/{rel}","templated":true}]}}