{"id":2980,"date":"2019-02-25T07:29:17","date_gmt":"2019-02-25T06:29:17","guid":{"rendered":"http:\/\/www.krajskakniznicazilina.sk\/?p=2980"},"modified":"2019-02-22T13:38:17","modified_gmt":"2019-02-22T12:38:17","slug":"tyzden-slovenskych-kniznic-v-krajskej-kniznici-v-ziline-4-3-9-3-2019","status":"publish","type":"post","link":"https:\/\/www.krajskakniznicazilina.sk\/index.php\/2019\/02\/25\/tyzden-slovenskych-kniznic-v-krajskej-kniznici-v-ziline-4-3-9-3-2019\/","title":{"rendered":"T\u00fd\u017ede\u0148 slovensk\u00fdch kni\u017en\u00edc v\u00a0Krajskej kni\u017enici v\u00a0\u017diline 4.\u20139. marca 2019"},"content":{"rendered":"<p style=\"text-align: justify;\"><a href=\"http:\/\/www.krajskakniznicazilina.sk\/clanky\/2019\/03\/TSK_dospel%C3%AD.jpg\"><img decoding=\"async\" class=\"alignright size-thumbnail\" src=\"http:\/\/www.krajskakniznicazilina.sk\/clanky\/2019\/03\/TSK_dospel%C3%AD.jpg\" width=\"40%\" height=\"40%\" \/><\/a>Prv\u00fd marcov\u00fd t\u00fd\u017ede\u0148 nie s\u00fa len \u0161kolsk\u00e9 jarn\u00e9 pr\u00e1zdniny, ale Krajsk\u00e1 kni\u017enica v\u00a0\u017diline, organiz\u00e1cia v\u00a0p\u00f4sobnosti \u017dilinsk\u00e9ho samospr\u00e1vneho kraja, za\u010d\u00edna aj T\u00fd\u017ede\u0148 slovensk\u00fdch kni\u017en\u00edc (TSK). Pre n\u00e1v\u0161tevn\u00edkov kni\u017enice s\u00fa pripraven\u00e9 r\u00f4zne besedy, tvoriv\u00e9 dielne pre deti, ve\u013ek\u00e1 burzu kn\u00edh,\u00a0kni\u017eni\u010dn\u00e9 hliadky, de\u0148 otvoren\u00fdch dver\u00ed a mnoho \u010fal\u0161\u00edch podujat\u00ed.<\/p>\n<p style=\"text-align: justify;\">\u017dilinsk\u00e1 kni\u017enica sa do n\u00e1rodnej akcie zap\u00e1ja u\u017e jubilejn\u00fd 20-kr\u00e1t. <em>\u201eSna\u017e\u00edme sa takto pouk\u00e1za\u0165 na svoje nezastupite\u013en\u00e9 miesto v\u00a0oblasti kult\u00fary a\u00a0vzdel\u00e1vania a\u00a0pril\u00e1ka\u0165 do prostredia kn\u00edh, tla\u010de a\u00a0modern\u00fdch informa\u010dn\u00fdch m\u00e9di\u00ed, tradi\u010dn\u00fdch aj nov\u00fdch pou\u017e\u00edvate\u013eov,\u201c<\/em> povedala Katar\u00edna \u0160u\u0161oliakov\u00e1, riadite\u013eka Krajskej kni\u017enice v\u00a0\u017diline.<\/p>\n<p style=\"text-align: justify;\"><strong><a href=\"http:\/\/www.krajskakniznicazilina.sk\/clanky\/2019\/03\/TSK_deti.jpg\"><img decoding=\"async\" class=\"alignleft size-thumbnail\" src=\"http:\/\/www.krajskakniznicazilina.sk\/clanky\/2019\/03\/TSK_deti.jpg\" width=\"40%\" height=\"40%\" \/><\/a>T\u00fd\u017ede\u0148 slovensk\u00fdch kni\u017en\u00edc sa uskuto\u010dn\u00ed v\u00a0d\u0148och od 4. marca do 9. marca 2019 pod spolo\u010dn\u00fdm mottom Kni\u017enice pre v\u0161etk\u00fdch. <\/strong><em>\u201eTSK nemen\u00ed svoj z\u00e1kladn\u00fd cie\u013e. <strong>Pozit\u00edvne zvidite\u013e\u0148ova\u0165 kni\u017enice<\/strong> ako kult\u00farne a vzdel\u00e1vacie in\u0161tit\u00facie prostredn\u00edctvom najrozmanitej\u0161ieho spektra aktiv\u00edt a\u00a0podujat\u00ed,\u201c<\/em> doplnila Katar\u00edna \u0160u\u0161oliakov\u00e1. V s\u00fa\u010dasnosti kni\u017enice na Slovensku nadv\u00e4zuj\u00fa na svoje historicky overen\u00e9 miesto v spolo\u010dnosti. S\u00fa modern\u00fdmi in\u0161tit\u00faciami, ktor\u00e9 v dostato\u010dnej \u0161\u00edrke dok\u00e1\u017eu pouk\u00e1za\u0165 na svoj akt\u00edvny podiel na spolo\u010denskom rozvoji obce, mesta, regi\u00f3nu i kraja. Okrem z\u00e1kladn\u00fdch slu\u017eieb pon\u00fakaj\u00fa stretnutia so spisovate\u013emi, prekladate\u013emi, ilustr\u00e1tormi, z\u00e1\u017eitkov\u00e9 \u010d\u00edtania, autorsk\u00e9 \u010d\u00edtania, r\u00f4zne formy diskusi\u00ed a besied o\u00a0literat\u00fare, ale aj nov\u00e9 formy pr\u00e1ce s knihou, ve\u013ea zauj\u00edmav\u00e9ho, nov\u00e9ho, pou\u010dn\u00e9ho i z\u00e1bavn\u00e9ho pre svojich \u010ditate\u013eov, pou\u017e\u00edvate\u013eov a n\u00e1v\u0161tevn\u00edkov.<!--more--><\/p>\n<p style=\"text-align: justify;\">Tento rok TSK pripadol na jarn\u00e9 pr\u00e1zdniny v\u00a0na\u0161om kraji a\u00a0tomu sme prisp\u00f4sobili aj program. <strong>Ka\u017ed\u00fd pracovn\u00fd de\u0148 o\u00a010:00 bude pre deti od \u0161tyroch rokov pripraven\u00e9 z\u00e1\u017eitkov\u00e9 \u010d\u00edtanie na in\u00fa t\u00e9mu. <\/strong>V\u00a0pondelok sa porozpr\u00e1vame O\u00a0\u010falek\u00fdch krajin\u00e1ch, v\u00a0utorok pocestujeme Z\u00a0rozpr\u00e1vky do rozpr\u00e1vky, v\u00a0stredu si povieme, ako sa stara\u0165 o\u00a0na\u0161e Z\u00fabky, vo \u0161tvrtok si zopakujeme Dopravn\u00e9 pravidl\u00e1 a\u00a0v\u00a0piatok Slu\u0161n\u00e9 spr\u00e1vanie. Po\u010das cel\u00e9ho t\u00fd\u017ed\u0148a na deti \u010dak\u00e1 e\u0161te jedno prekvapenie. <em>\u201eDetsk\u00e9mu \u010ditate\u013eovi pon\u00fakame z\u00e1pisn\u00e9 na 365 dn\u00ed bezplatne. Vyu\u017ei\u0165 ho m\u00f4\u017eu deti do 15 rokov, vr\u00e1tane,\u201c<\/em> povedala riadite\u013eka<\/p>\n<p style=\"text-align: justify;\">Navy\u0161e, t\u00ed, \u010do bud\u00fa po\u010das cel\u00e9ho t\u00fd\u017ed\u0148a prichyten\u00ed pri \u010d\u00edtan\u00ed v\u00a0uliciach mesta knihovn\u00ed\u010dkami z\u00a0Kni\u017eni\u010dnej hliadky z\u00edskaj\u00fa poukaz na bezplatn\u00e9 z\u00e1pisn\u00e9 do kni\u017enice na jeden rok. Spozn\u00e1te ich jednoducho &#8211; na hrudi bud\u00fa ma\u0165 ozna\u010denie: Kni\u017eni\u010dn\u00e1 hliadka.<\/p>\n<p style=\"text-align: justify;\">Na popoludnie sme pre \u010ditate\u013eov pripravili taktie\u017e bohat\u00fd program. V\u00a0utorok o\u00a016:00 n\u00e1m Gabi Sagalov\u00e1 predstav\u00ed svoju zbierku b\u00e1sn\u00ed Lie\u010div\u00e9 \u010d\u00edtanie. V\u00a0stredu o\u00a016:30 n\u00e1m Marina \u010carnogursk\u00e1 a\u00a0Peter \u010caplick\u00fd porozpr\u00e1vaj\u00fa o\u00a0jednom z\u00a0klasick\u00fdch diel \u010d\u00ednskej literat\u00fary <em>Sen o\u00a0\u010dervenom pavil\u00f3ne<\/em>. Ak by bolo \u010ditate\u013eom \u013e\u00fato, \u017ee nem\u00f4\u017eu s\u00a0de\u0165mi cestova\u0165 do \u010falek\u00fdch kraj\u00edn, m\u00f4\u017eu sa v\u00a0stredu o\u00a016:50 prida\u0165 k\u00a0stretnutiu British reading club kde sa o\u00a016:50 vyd\u00e1me na <em>Guliverove cesty<\/em>. Vo \u0161tvrtok na Tvorivom klube o\u00a013:15 budeme vyr\u00e1ba\u0165 3D poh\u00e1r z\u00a0kor\u00e1likov, o\u00a015:00 sa m\u00f4\u017eete zahra\u0165 na Klube spolo\u010densk\u00fdch hier a\u00a0o\u00a017:00 n\u00e1m Dalim\u00edr Hajko predstav\u00ed svoju knihu Slovensk\u00e9 provok\u00e1cie. V\u00a0piatok o\u00a016:30 budeme so Zuzanou Grochalovou cestova\u0165 sk\u00fatrom po Indon\u00e9zii.<\/p>\n<p style=\"text-align: justify;\">Pravda\u017ee, cel\u00fd t\u00fd\u017ede\u0148 bude patri\u0165 knih\u00e1m. Pre \u017dilin\u010danov preto pripravujeme ve\u013ek\u00fa Burzu kn\u00edh. Sta\u010d\u00ed pr\u00eds\u0165 do kni\u017enice a\u00a0vybra\u0165 si jeden \u010di viac z\u00a0vyraden\u00fdch titulov.<\/p>\n<p style=\"text-align: justify;\">Srde\u010dne v\u00e1s poz\u00fdvame.<\/p>\n<p style=\"text-align: justify;\"><strong>Mgr. Anna Berthotyov\u00e1<\/strong>, koordin\u00e1torka\u00a0 kult\u00farno-v\u00fdchovnej \u010dinnosti\u00a0Krajskej kni\u017enice v \u017diline ; \u017dilina, 19. 2. 2019<\/p>\n","protected":false},"excerpt":{"rendered":"<p>Prv\u00fd marcov\u00fd t\u00fd\u017ede\u0148 nie s\u00fa len \u0161kolsk\u00e9 jarn\u00e9 pr\u00e1zdniny, ale Krajsk\u00e1 kni\u017enica v\u00a0\u017diline, organiz\u00e1cia v\u00a0p\u00f4sobnosti \u017dilinsk\u00e9ho samospr\u00e1vneho kraja, za\u010d\u00edna aj T\u00fd\u017ede\u0148 slovensk\u00fdch kni\u017en\u00edc (TSK). Pre n\u00e1v\u0161tevn\u00edkov kni\u017enice s\u00fa pripraven\u00e9 r\u00f4zne besedy, tvoriv\u00e9 dielne pre deti, ve\u013ek\u00e1 burzu kn\u00edh,\u00a0kni\u017eni\u010dn\u00e9 hliadky, de\u0148 otvoren\u00fdch dver\u00ed a mnoho \u010fal\u0161\u00edch podujat\u00ed. \u017dilinsk\u00e1 kni\u017enica sa do n\u00e1rodnej akcie zap\u00e1ja u\u017e jubilejn\u00fd &#8230; <a title=\"T\u00fd\u017ede\u0148 slovensk\u00fdch kni\u017en\u00edc v\u00a0Krajskej kni\u017enici v\u00a0\u017diline 4.\u20139. marca 2019\" class=\"read-more\" href=\"https:\/\/www.krajskakniznicazilina.sk\/index.php\/2019\/02\/25\/tyzden-slovenskych-kniznic-v-krajskej-kniznici-v-ziline-4-3-9-3-2019\/\" aria-label=\"Pre\u010d\u00edtajte si viac o T\u00fd\u017ede\u0148 slovensk\u00fdch kni\u017en\u00edc v\u00a0Krajskej kni\u017enici v\u00a0\u017diline 4.\u20139. marca 2019\">\u010c\u00edta\u0165 viac<\/a><\/p>\n","protected":false},"author":1,"featured_media":0,"comment_status":"open","ping_status":"open","sticky":false,"template":"","format":"image","meta":{"footnotes":""},"categories":[19],"tags":[],"class_list":["post-2980","post","type-post","status-publish","format-image","hentry","category-tlacova-sprava","post_format-post-format-image"],"_links":{"self":[{"href":"https:\/\/www.krajskakniznicazilina.sk\/index.php\/wp-json\/wp\/v2\/posts\/2980","targetHints":{"allow":["GET"]}}],"collection":[{"href":"https:\/\/www.krajskakniznicazilina.sk\/index.php\/wp-json\/wp\/v2\/posts"}],"about":[{"href":"https:\/\/www.krajskakniznicazilina.sk\/index.php\/wp-json\/wp\/v2\/types\/post"}],"author":[{"embeddable":true,"href":"https:\/\/www.krajskakniznicazilina.sk\/index.php\/wp-json\/wp\/v2\/users\/1"}],"replies":[{"embeddable":true,"href":"https:\/\/www.krajskakniznicazilina.sk\/index.php\/wp-json\/wp\/v2\/comments?post=2980"}],"version-history":[{"count":6,"href":"https:\/\/www.krajskakniznicazilina.sk\/index.php\/wp-json\/wp\/v2\/posts\/2980\/revisions"}],"predecessor-version":[{"id":2986,"href":"https:\/\/www.krajskakniznicazilina.sk\/index.php\/wp-json\/wp\/v2\/posts\/2980\/revisions\/2986"}],"wp:attachment":[{"href":"https:\/\/www.krajskakniznicazilina.sk\/index.php\/wp-json\/wp\/v2\/media?parent=2980"}],"wp:term":[{"taxonomy":"category","embeddable":true,"href":"https:\/\/www.krajskakniznicazilina.sk\/index.php\/wp-json\/wp\/v2\/categories?post=2980"},{"taxonomy":"post_tag","embeddable":true,"href":"https:\/\/www.krajskakniznicazilina.sk\/index.php\/wp-json\/wp\/v2\/tags?post=2980"}],"curies":[{"name":"wp","href":"https:\/\/api.w.org\/{rel}","templated":true}]}}