{"id":3062,"date":"2019-03-06T08:40:09","date_gmt":"2019-03-06T07:40:09","guid":{"rendered":"http:\/\/www.krajskakniznicazilina.sk\/?p=3062"},"modified":"2019-03-14T07:51:01","modified_gmt":"2019-03-14T06:51:01","slug":"moj-pribeh-fotografie","status":"publish","type":"post","link":"https:\/\/www.krajskakniznicazilina.sk\/index.php\/2019\/03\/06\/moj-pribeh-fotografie\/","title":{"rendered":"M\u00f4j pr\u00edbeh fotografie"},"content":{"rendered":"<p style=\"text-align: justify;\"><a href=\"http:\/\/www.krajskakniznicazilina.sk\/clanky\/2019\/03\/M%C3%B4j%20pr%C3%ADbeh%20fotografie.jpg\"><img decoding=\"async\" class=\"alignleft size-thumbnail\" src=\"http:\/\/www.krajskakniznicazilina.sk\/clanky\/2019\/03\/M%C3%B4j%20pr%C3%ADbeh%20fotografie.jpg\" width=\"40%\" height=\"40%\" \/><\/a><\/p>\n<p style=\"text-align: justify;\">Vlado Ba\u010da \u010dasto hovorieva, \u017ee sa s fotoapar\u00e1tom v ruke u\u017e narodil. Takmer 50 rokov svojich z\u00e1\u017eitkov zhmotnil v knihe M\u00f4j pr\u00edbeh fotografie. Prezentova\u0165 ju bude v stredu <strong>13. marca o 17:00<\/strong>.<\/p>\n","protected":false},"excerpt":{"rendered":"<p>Vlado Ba\u010da \u010dasto hovorieva, \u017ee sa s fotoapar\u00e1tom v ruke u\u017e narodil. Takmer 50 rokov svojich z\u00e1\u017eitkov zhmotnil v knihe M\u00f4j pr\u00edbeh fotografie. Prezentova\u0165 ju bude v stredu 13. marca o 17:00.<\/p>\n","protected":false},"author":1,"featured_media":0,"comment_status":"open","ping_status":"open","sticky":false,"template":"","format":"image","meta":{"footnotes":""},"categories":[24,12],"tags":[],"class_list":["post-3062","post","type-post","status-publish","format-image","hentry","category-beseda","category-podujatie","post_format-post-format-image"],"_links":{"self":[{"href":"https:\/\/www.krajskakniznicazilina.sk\/index.php\/wp-json\/wp\/v2\/posts\/3062","targetHints":{"allow":["GET"]}}],"collection":[{"href":"https:\/\/www.krajskakniznicazilina.sk\/index.php\/wp-json\/wp\/v2\/posts"}],"about":[{"href":"https:\/\/www.krajskakniznicazilina.sk\/index.php\/wp-json\/wp\/v2\/types\/post"}],"author":[{"embeddable":true,"href":"https:\/\/www.krajskakniznicazilina.sk\/index.php\/wp-json\/wp\/v2\/users\/1"}],"replies":[{"embeddable":true,"href":"https:\/\/www.krajskakniznicazilina.sk\/index.php\/wp-json\/wp\/v2\/comments?post=3062"}],"version-history":[{"count":2,"href":"https:\/\/www.krajskakniznicazilina.sk\/index.php\/wp-json\/wp\/v2\/posts\/3062\/revisions"}],"predecessor-version":[{"id":3064,"href":"https:\/\/www.krajskakniznicazilina.sk\/index.php\/wp-json\/wp\/v2\/posts\/3062\/revisions\/3064"}],"wp:attachment":[{"href":"https:\/\/www.krajskakniznicazilina.sk\/index.php\/wp-json\/wp\/v2\/media?parent=3062"}],"wp:term":[{"taxonomy":"category","embeddable":true,"href":"https:\/\/www.krajskakniznicazilina.sk\/index.php\/wp-json\/wp\/v2\/categories?post=3062"},{"taxonomy":"post_tag","embeddable":true,"href":"https:\/\/www.krajskakniznicazilina.sk\/index.php\/wp-json\/wp\/v2\/tags?post=3062"}],"curies":[{"name":"wp","href":"https:\/\/api.w.org\/{rel}","templated":true}]}}