{"id":3065,"date":"2019-03-06T14:45:32","date_gmt":"2019-03-06T13:45:32","guid":{"rendered":"http:\/\/www.krajskakniznicazilina.sk\/?p=3065"},"modified":"2019-03-05T12:55:22","modified_gmt":"2019-03-05T11:55:22","slug":"vytvorte-si-web-stranku","status":"publish","type":"post","link":"https:\/\/www.krajskakniznicazilina.sk\/index.php\/2019\/03\/06\/vytvorte-si-web-stranku\/","title":{"rendered":"Vytvorte si web str\u00e1nku"},"content":{"rendered":"<p style=\"text-align: justify;\"><a href=\"http:\/\/www.krajskakniznicazilina.sk\/clanky\/2019\/03\/web.jpg\"><img decoding=\"async\" class=\"alignright size-thumbnail\" src=\"http:\/\/www.krajskakniznicazilina.sk\/clanky\/2019\/03\/web.jpg\" width=\"40%\" height=\"40%\" \/><\/a><\/p>\n<p style=\"text-align: justify;\">Potrebujete sa prezentova\u0165 na internete? \u010ci u\u017e kv\u00f4li h\u013eadaniu pr\u00e1ce, kreat\u00edvnej \u010dinnosti alebo pon\u00fakaniu slu\u017eieb? Vytvorte si s nami va\u0161u nov\u00fa webstr\u00e1nku v redak\u010dnom syst\u00e9me webnode a bu\u010fte aj vy online. \u00davodn\u00e9 stretnutie kurzu bude v pondelok <strong>18. marca o 8:00<\/strong>. Na kurz je potrebn\u00e9 sa vopred prihl\u00e1si\u0165.<\/p>\n","protected":false},"excerpt":{"rendered":"<p>Potrebujete sa prezentova\u0165 na internete? \u010ci u\u017e kv\u00f4li h\u013eadaniu pr\u00e1ce, kreat\u00edvnej \u010dinnosti alebo pon\u00fakaniu slu\u017eieb? Vytvorte si s nami va\u0161u nov\u00fa webstr\u00e1nku v redak\u010dnom syst\u00e9me webnode a bu\u010fte aj vy online. \u00davodn\u00e9 stretnutie kurzu bude v pondelok 18. marca o 8:00. Na kurz je potrebn\u00e9 sa vopred prihl\u00e1si\u0165.<\/p>\n","protected":false},"author":1,"featured_media":0,"comment_status":"open","ping_status":"open","sticky":false,"template":"","format":"image","meta":{"footnotes":""},"categories":[26],"tags":[],"class_list":["post-3065","post","type-post","status-publish","format-image","hentry","category-kurz","post_format-post-format-image"],"_links":{"self":[{"href":"https:\/\/www.krajskakniznicazilina.sk\/index.php\/wp-json\/wp\/v2\/posts\/3065","targetHints":{"allow":["GET"]}}],"collection":[{"href":"https:\/\/www.krajskakniznicazilina.sk\/index.php\/wp-json\/wp\/v2\/posts"}],"about":[{"href":"https:\/\/www.krajskakniznicazilina.sk\/index.php\/wp-json\/wp\/v2\/types\/post"}],"author":[{"embeddable":true,"href":"https:\/\/www.krajskakniznicazilina.sk\/index.php\/wp-json\/wp\/v2\/users\/1"}],"replies":[{"embeddable":true,"href":"https:\/\/www.krajskakniznicazilina.sk\/index.php\/wp-json\/wp\/v2\/comments?post=3065"}],"version-history":[{"count":2,"href":"https:\/\/www.krajskakniznicazilina.sk\/index.php\/wp-json\/wp\/v2\/posts\/3065\/revisions"}],"predecessor-version":[{"id":3067,"href":"https:\/\/www.krajskakniznicazilina.sk\/index.php\/wp-json\/wp\/v2\/posts\/3065\/revisions\/3067"}],"wp:attachment":[{"href":"https:\/\/www.krajskakniznicazilina.sk\/index.php\/wp-json\/wp\/v2\/media?parent=3065"}],"wp:term":[{"taxonomy":"category","embeddable":true,"href":"https:\/\/www.krajskakniznicazilina.sk\/index.php\/wp-json\/wp\/v2\/categories?post=3065"},{"taxonomy":"post_tag","embeddable":true,"href":"https:\/\/www.krajskakniznicazilina.sk\/index.php\/wp-json\/wp\/v2\/tags?post=3065"}],"curies":[{"name":"wp","href":"https:\/\/api.w.org\/{rel}","templated":true}]}}