{"id":3068,"date":"2019-03-07T07:47:43","date_gmt":"2019-03-07T06:47:43","guid":{"rendered":"http:\/\/www.krajskakniznicazilina.sk\/?p=3068"},"modified":"2019-03-15T07:14:41","modified_gmt":"2019-03-15T06:14:41","slug":"fotomosty","status":"publish","type":"post","link":"https:\/\/www.krajskakniznicazilina.sk\/index.php\/2019\/03\/07\/fotomosty\/","title":{"rendered":"Fotomosty"},"content":{"rendered":"<p style=\"text-align: justify;\"><a href=\"http:\/\/www.krajskakniznicazilina.sk\/clanky\/2019\/03\/fotomosty%202019.jpg\"><img decoding=\"async\" class=\"alignleft size-thumbnail\" src=\"http:\/\/www.krajskakniznicazilina.sk\/clanky\/2019\/03\/fotomosty%202019.jpg\" width=\"40%\" height=\"40%\" \/><\/a><\/p>\n<p style=\"text-align: justify;\">Nov\u00e9 pokra\u010dovanie \u00faspe\u0161n\u00e9ho projektu \u013dubo\u0161a Ple\u0161ingera Fotomosty \u017diliny zobrazuje zn\u00e1me miesta mesta \u017dilina na ma\u013eb\u00e1ch akademick\u00e9ho maliara Stanislava Lajdu, ma\u013eovan\u00fdch pod\u013ea historick\u00fdch fotografi\u00ed. V\u00fdstava bude umiestnen\u00e1 v\u00a0priestoroch Krajskej kni\u017enice v\u00a0\u017diline do konca mesiaca. Vernis\u00e1\u017e v\u00fdstavy bude vo \u0161tvrtok <strong>14. marca o\u00a017:00<\/strong>.<\/p>\n<p>&nbsp;<\/p>\n","protected":false},"excerpt":{"rendered":"<p>Nov\u00e9 pokra\u010dovanie \u00faspe\u0161n\u00e9ho projektu \u013dubo\u0161a Ple\u0161ingera Fotomosty \u017diliny zobrazuje zn\u00e1me miesta mesta \u017dilina na ma\u013eb\u00e1ch akademick\u00e9ho maliara Stanislava Lajdu, ma\u013eovan\u00fdch pod\u013ea historick\u00fdch fotografi\u00ed. V\u00fdstava bude umiestnen\u00e1 v\u00a0priestoroch Krajskej kni\u017enice v\u00a0\u017diline do konca mesiaca. Vernis\u00e1\u017e v\u00fdstavy bude vo \u0161tvrtok 14. marca o\u00a017:00. &nbsp;<\/p>\n","protected":false},"author":1,"featured_media":0,"comment_status":"open","ping_status":"open","sticky":false,"template":"","format":"image","meta":{"footnotes":""},"categories":[28,15],"tags":[],"class_list":["post-3068","post","type-post","status-publish","format-image","hentry","category-vernisaz","category-vystava","post_format-post-format-image"],"_links":{"self":[{"href":"https:\/\/www.krajskakniznicazilina.sk\/index.php\/wp-json\/wp\/v2\/posts\/3068","targetHints":{"allow":["GET"]}}],"collection":[{"href":"https:\/\/www.krajskakniznicazilina.sk\/index.php\/wp-json\/wp\/v2\/posts"}],"about":[{"href":"https:\/\/www.krajskakniznicazilina.sk\/index.php\/wp-json\/wp\/v2\/types\/post"}],"author":[{"embeddable":true,"href":"https:\/\/www.krajskakniznicazilina.sk\/index.php\/wp-json\/wp\/v2\/users\/1"}],"replies":[{"embeddable":true,"href":"https:\/\/www.krajskakniznicazilina.sk\/index.php\/wp-json\/wp\/v2\/comments?post=3068"}],"version-history":[{"count":4,"href":"https:\/\/www.krajskakniznicazilina.sk\/index.php\/wp-json\/wp\/v2\/posts\/3068\/revisions"}],"predecessor-version":[{"id":3120,"href":"https:\/\/www.krajskakniznicazilina.sk\/index.php\/wp-json\/wp\/v2\/posts\/3068\/revisions\/3120"}],"wp:attachment":[{"href":"https:\/\/www.krajskakniznicazilina.sk\/index.php\/wp-json\/wp\/v2\/media?parent=3068"}],"wp:term":[{"taxonomy":"category","embeddable":true,"href":"https:\/\/www.krajskakniznicazilina.sk\/index.php\/wp-json\/wp\/v2\/categories?post=3068"},{"taxonomy":"post_tag","embeddable":true,"href":"https:\/\/www.krajskakniznicazilina.sk\/index.php\/wp-json\/wp\/v2\/tags?post=3068"}],"curies":[{"name":"wp","href":"https:\/\/api.w.org\/{rel}","templated":true}]}}