{"id":3071,"date":"2019-03-07T13:13:06","date_gmt":"2019-03-07T12:13:06","guid":{"rendered":"http:\/\/www.krajskakniznicazilina.sk\/?p=3071"},"modified":"2019-03-18T10:38:12","modified_gmt":"2019-03-18T09:38:12","slug":"nas-pes-je-huncut","status":"publish","type":"post","link":"https:\/\/www.krajskakniznicazilina.sk\/index.php\/2019\/03\/07\/nas-pes-je-huncut\/","title":{"rendered":"N\u00e1\u0161 pes je Hunc\u00fat"},"content":{"rendered":"<p style=\"text-align: justify;\"><a href=\"http:\/\/www.krajskakniznicazilina.sk\/clanky\/2019\/03\/pes.jpg\"><img decoding=\"async\" class=\"alignright size-thumbnail\" src=\"http:\/\/www.krajskakniznicazilina.sk\/clanky\/2019\/03\/pes.jpg\" width=\"40%\" height=\"40%\" \/><\/a><\/p>\n<p style=\"text-align: justify;\">Kniha N\u00e1\u0161 pes je Hunc\u00fat o\u00a0neposednom ps\u00edkovi od \u017eilinskej autorky Jaroslavy Kuchtovej je tento rok nominovan\u00e1 aj v s\u00fa\u0165a\u017ei Kniha Horn\u00e9ho Pova\u017eia 2018. Beseda s\u00a0autorkou bude v\u00a0Krajskej kni\u017enici v\u00a0\u017diline v\u00a0piatok <strong>15. marca o\u00a011:30<\/strong>.<\/p>\n","protected":false},"excerpt":{"rendered":"<p>Kniha N\u00e1\u0161 pes je Hunc\u00fat o\u00a0neposednom ps\u00edkovi od \u017eilinskej autorky Jaroslavy Kuchtovej je tento rok nominovan\u00e1 aj v s\u00fa\u0165a\u017ei Kniha Horn\u00e9ho Pova\u017eia 2018. Beseda s\u00a0autorkou bude v\u00a0Krajskej kni\u017enici v\u00a0\u017diline v\u00a0piatok 15. marca o\u00a011:30.<\/p>\n","protected":false},"author":1,"featured_media":0,"comment_status":"open","ping_status":"open","sticky":false,"template":"","format":"image","meta":{"footnotes":""},"categories":[24,12],"tags":[],"class_list":["post-3071","post","type-post","status-publish","format-image","hentry","category-beseda","category-podujatie","post_format-post-format-image"],"_links":{"self":[{"href":"https:\/\/www.krajskakniznicazilina.sk\/index.php\/wp-json\/wp\/v2\/posts\/3071","targetHints":{"allow":["GET"]}}],"collection":[{"href":"https:\/\/www.krajskakniznicazilina.sk\/index.php\/wp-json\/wp\/v2\/posts"}],"about":[{"href":"https:\/\/www.krajskakniznicazilina.sk\/index.php\/wp-json\/wp\/v2\/types\/post"}],"author":[{"embeddable":true,"href":"https:\/\/www.krajskakniznicazilina.sk\/index.php\/wp-json\/wp\/v2\/users\/1"}],"replies":[{"embeddable":true,"href":"https:\/\/www.krajskakniznicazilina.sk\/index.php\/wp-json\/wp\/v2\/comments?post=3071"}],"version-history":[{"count":2,"href":"https:\/\/www.krajskakniznicazilina.sk\/index.php\/wp-json\/wp\/v2\/posts\/3071\/revisions"}],"predecessor-version":[{"id":3073,"href":"https:\/\/www.krajskakniznicazilina.sk\/index.php\/wp-json\/wp\/v2\/posts\/3071\/revisions\/3073"}],"wp:attachment":[{"href":"https:\/\/www.krajskakniznicazilina.sk\/index.php\/wp-json\/wp\/v2\/media?parent=3071"}],"wp:term":[{"taxonomy":"category","embeddable":true,"href":"https:\/\/www.krajskakniznicazilina.sk\/index.php\/wp-json\/wp\/v2\/categories?post=3071"},{"taxonomy":"post_tag","embeddable":true,"href":"https:\/\/www.krajskakniznicazilina.sk\/index.php\/wp-json\/wp\/v2\/tags?post=3071"}],"curies":[{"name":"wp","href":"https:\/\/api.w.org\/{rel}","templated":true}]}}