{"id":3088,"date":"2019-03-06T13:16:17","date_gmt":"2019-03-06T12:16:17","guid":{"rendered":"http:\/\/www.krajskakniznicazilina.sk\/?p=3088"},"modified":"2019-03-06T13:16:27","modified_gmt":"2019-03-06T12:16:27","slug":"3088","status":"publish","type":"post","link":"https:\/\/www.krajskakniznicazilina.sk\/index.php\/2019\/03\/06\/3088\/","title":{"rendered":"Burza kn\u00edh v kni\u017enici"},"content":{"rendered":"<p style=\"text-align: justify;\"><a href=\"http:\/\/www.krajskakniznicazilina.sk\/clanky\/2019\/03\/burza%20kn%C3%ADh.jpg\"><img decoding=\"async\" class=\"alignleft size-thumbnail\" src=\"http:\/\/www.krajskakniznicazilina.sk\/clanky\/2019\/03\/burza%20kn%C3%ADh.jpg\" width=\"40%\" height=\"40%\" \/><\/a> Prineste svoje knihy a pon\u00faknite ich na predaj in\u00fdm.<br \/>\nKa\u017ed\u00fd knihomo\u013e rie\u0161i ot\u00e1zku \u010do s knihami, ktor\u00e9 u\u017e nevojd\u00fa do jeho dom\u00e1cej kni\u017enice. My tento \u201eprobl\u00e9m\u201c pozn\u00e1me z vlastnej sk\u00fasenosti, a preto pon\u00fakame rie\u0161enie. Burza kn\u00edh sa bude kona\u0165 v priestoroch na\u0161ej kni\u017enice u\u017e t\u00fato sobotu<strong> 9. marca 2019 od 9:00 do 13:00<\/strong>.<br \/>\nSta\u010d\u00ed ak pr\u00eddete so svojimi knihami a m\u00f4\u017eete ich preda\u0165 in\u00fdm knihomo\u013eom, ktor\u00ed bud\u00fa v ten de\u0148 v kni\u017enici a prejavia z\u00e1ujem. Cenu za svoje knihy si ur\u010d\u00edte vy, my v\u00e1m pon\u00fakame pr\u00edle\u017eitos\u0165 a priestor.<br \/>\nV r\u00e1mci Burzy kn\u00edh bud\u00fa na predaj aj vyraden\u00e9 kni\u017en\u00e9 tituly z na\u0161ej kni\u017enice za klasick\u00fa sumu 1\u20ac.<\/p>\n","protected":false},"excerpt":{"rendered":"<p>Prineste svoje knihy a pon\u00faknite ich na predaj in\u00fdm. Ka\u017ed\u00fd knihomo\u013e rie\u0161i ot\u00e1zku \u010do s knihami, ktor\u00e9 u\u017e nevojd\u00fa do jeho dom\u00e1cej kni\u017enice. My tento \u201eprobl\u00e9m\u201c pozn\u00e1me z vlastnej sk\u00fasenosti, a preto pon\u00fakame rie\u0161enie. Burza kn\u00edh sa bude kona\u0165 v priestoroch na\u0161ej kni\u017enice u\u017e t\u00fato sobotu 9. marca 2019 od 9:00 do 13:00. Sta\u010d\u00ed ak &#8230; <a title=\"Burza kn\u00edh v kni\u017enici\" class=\"read-more\" href=\"https:\/\/www.krajskakniznicazilina.sk\/index.php\/2019\/03\/06\/3088\/\" aria-label=\"Pre\u010d\u00edtajte si viac o Burza kn\u00edh v kni\u017enici\">\u010c\u00edta\u0165 viac<\/a><\/p>\n","protected":false},"author":1,"featured_media":0,"comment_status":"open","ping_status":"open","sticky":false,"template":"","format":"image","meta":{"footnotes":""},"categories":[1],"tags":[],"class_list":["post-3088","post","type-post","status-publish","format-image","hentry","category-oznam","post_format-post-format-image"],"_links":{"self":[{"href":"https:\/\/www.krajskakniznicazilina.sk\/index.php\/wp-json\/wp\/v2\/posts\/3088","targetHints":{"allow":["GET"]}}],"collection":[{"href":"https:\/\/www.krajskakniznicazilina.sk\/index.php\/wp-json\/wp\/v2\/posts"}],"about":[{"href":"https:\/\/www.krajskakniznicazilina.sk\/index.php\/wp-json\/wp\/v2\/types\/post"}],"author":[{"embeddable":true,"href":"https:\/\/www.krajskakniznicazilina.sk\/index.php\/wp-json\/wp\/v2\/users\/1"}],"replies":[{"embeddable":true,"href":"https:\/\/www.krajskakniznicazilina.sk\/index.php\/wp-json\/wp\/v2\/comments?post=3088"}],"version-history":[{"count":6,"href":"https:\/\/www.krajskakniznicazilina.sk\/index.php\/wp-json\/wp\/v2\/posts\/3088\/revisions"}],"predecessor-version":[{"id":3094,"href":"https:\/\/www.krajskakniznicazilina.sk\/index.php\/wp-json\/wp\/v2\/posts\/3088\/revisions\/3094"}],"wp:attachment":[{"href":"https:\/\/www.krajskakniznicazilina.sk\/index.php\/wp-json\/wp\/v2\/media?parent=3088"}],"wp:term":[{"taxonomy":"category","embeddable":true,"href":"https:\/\/www.krajskakniznicazilina.sk\/index.php\/wp-json\/wp\/v2\/categories?post=3088"},{"taxonomy":"post_tag","embeddable":true,"href":"https:\/\/www.krajskakniznicazilina.sk\/index.php\/wp-json\/wp\/v2\/tags?post=3088"}],"curies":[{"name":"wp","href":"https:\/\/api.w.org\/{rel}","templated":true}]}}