{"id":3253,"date":"2019-04-08T07:03:34","date_gmt":"2019-04-08T05:03:34","guid":{"rendered":"http:\/\/www.krajskakniznicazilina.sk\/?p=3253"},"modified":"2019-04-09T15:14:44","modified_gmt":"2019-04-09T13:14:44","slug":"vyhlasenie-vsyledkov-knihy-horneho-povazia-2018","status":"publish","type":"post","link":"https:\/\/www.krajskakniznicazilina.sk\/index.php\/2019\/04\/08\/vyhlasenie-vsyledkov-knihy-horneho-povazia-2018\/","title":{"rendered":"Vyhl\u00e1senie v\u00fdsledkov Knihy Horn\u00e9ho Pova\u017eia 2018"},"content":{"rendered":"<p style=\"text-align: justify;\"><a href=\"http:\/\/www.krajskakniznicazilina.sk\/clanky\/2019\/04\/KHP%20vysledky.jpg\"><img decoding=\"async\" class=\"alignright size-thumbnail\" src=\"http:\/\/www.krajskakniznicazilina.sk\/clanky\/2019\/04\/KHP%20vysledky.jpg\" width=\"40%\" height=\"40%\" \/><\/a><\/p>\n<p style=\"text-align: justify;\">Srde\u010dne v\u00e1s poz\u00fdvame na sl\u00e1vnostn\u00e9 vyhodnotenie \u010ditate\u013eskej s\u00fa\u0165a\u017ee Kniha Horn\u00e9ho Pova\u017eia. Knihy zaraden\u00e9 do s\u00fa\u0165a\u017ee s\u00fa s Horn\u00fdm Pova\u017e\u00edm sp\u00e4t\u00e9 t\u00e9mou alebo osobou autora, \u010di ilustr\u00e1tora. Bud\u00fa odmenen\u00e9 knihy v dvoch kateg\u00f3ri\u00e1ch: beletria a odborn\u00e1 literat\u00fara. Vyhodnotenie sa uskuto\u010dn\u00ed v utorok <strong>23. apr\u00edla o 16:00<\/strong>.<\/p>\n<p>Viac inform\u00e1ci\u00ed o s\u00fa\u0165a\u017ei a kompletn\u00fd zoznam nominovan\u00fdch, kn\u00edh za ktor\u00e9 bolo mo\u017en\u00e9 hlasova\u0165 do 4. apr\u00edla n\u00e1jdete na str\u00e1nke:<\/p>\n<blockquote class=\"wp-embedded-content\" data-secret=\"Dbf8J4ODJO\"><p><a href=\"http:\/\/www.krajskakniznicazilina.sk\/index.php\/2019\/01\/21\/kniha-horneho-povazia-2018\/\">Kniha Horn\u00e9ho Pova\u017eia 2018<\/a><\/p><\/blockquote>\n<p><iframe loading=\"lazy\" class=\"wp-embedded-content\" sandbox=\"allow-scripts\" security=\"restricted\" style=\"position: absolute; clip: rect(1px, 1px, 1px, 1px);\" src=\"http:\/\/www.krajskakniznicazilina.sk\/index.php\/2019\/01\/21\/kniha-horneho-povazia-2018\/embed\/#?secret=Dbf8J4ODJO\" data-secret=\"Dbf8J4ODJO\" width=\"600\" height=\"338\" title=\"&#8220;Kniha Horn\u00e9ho Pova\u017eia 2018&#8221; &#8212; Krajsk\u00e1 kni\u017enica v \u017diline\" frameborder=\"0\" marginwidth=\"0\" marginheight=\"0\" scrolling=\"no\"><\/iframe><\/p>\n","protected":false},"excerpt":{"rendered":"<p>Srde\u010dne v\u00e1s poz\u00fdvame na sl\u00e1vnostn\u00e9 vyhodnotenie \u010ditate\u013eskej s\u00fa\u0165a\u017ee Kniha Horn\u00e9ho Pova\u017eia. Knihy zaraden\u00e9 do s\u00fa\u0165a\u017ee s\u00fa s Horn\u00fdm Pova\u017e\u00edm sp\u00e4t\u00e9 t\u00e9mou alebo osobou autora, \u010di ilustr\u00e1tora. Bud\u00fa odmenen\u00e9 knihy v dvoch kateg\u00f3ri\u00e1ch: beletria a odborn\u00e1 literat\u00fara. Vyhodnotenie sa uskuto\u010dn\u00ed v utorok 23. apr\u00edla o 16:00. Viac inform\u00e1ci\u00ed o s\u00fa\u0165a\u017ei a kompletn\u00fd zoznam nominovan\u00fdch, kn\u00edh za &#8230; <a title=\"Vyhl\u00e1senie v\u00fdsledkov Knihy Horn\u00e9ho Pova\u017eia 2018\" class=\"read-more\" href=\"https:\/\/www.krajskakniznicazilina.sk\/index.php\/2019\/04\/08\/vyhlasenie-vsyledkov-knihy-horneho-povazia-2018\/\" aria-label=\"Pre\u010d\u00edtajte si viac o Vyhl\u00e1senie v\u00fdsledkov Knihy Horn\u00e9ho Pova\u017eia 2018\">\u010c\u00edta\u0165 viac<\/a><\/p>\n","protected":false},"author":1,"featured_media":0,"comment_status":"open","ping_status":"open","sticky":false,"template":"","format":"image","meta":{"footnotes":""},"categories":[12,16],"tags":[],"class_list":["post-3253","post","type-post","status-publish","format-image","hentry","category-podujatie","category-sutaz","post_format-post-format-image"],"_links":{"self":[{"href":"https:\/\/www.krajskakniznicazilina.sk\/index.php\/wp-json\/wp\/v2\/posts\/3253","targetHints":{"allow":["GET"]}}],"collection":[{"href":"https:\/\/www.krajskakniznicazilina.sk\/index.php\/wp-json\/wp\/v2\/posts"}],"about":[{"href":"https:\/\/www.krajskakniznicazilina.sk\/index.php\/wp-json\/wp\/v2\/types\/post"}],"author":[{"embeddable":true,"href":"https:\/\/www.krajskakniznicazilina.sk\/index.php\/wp-json\/wp\/v2\/users\/1"}],"replies":[{"embeddable":true,"href":"https:\/\/www.krajskakniznicazilina.sk\/index.php\/wp-json\/wp\/v2\/comments?post=3253"}],"version-history":[{"count":9,"href":"https:\/\/www.krajskakniznicazilina.sk\/index.php\/wp-json\/wp\/v2\/posts\/3253\/revisions"}],"predecessor-version":[{"id":3333,"href":"https:\/\/www.krajskakniznicazilina.sk\/index.php\/wp-json\/wp\/v2\/posts\/3253\/revisions\/3333"}],"wp:attachment":[{"href":"https:\/\/www.krajskakniznicazilina.sk\/index.php\/wp-json\/wp\/v2\/media?parent=3253"}],"wp:term":[{"taxonomy":"category","embeddable":true,"href":"https:\/\/www.krajskakniznicazilina.sk\/index.php\/wp-json\/wp\/v2\/categories?post=3253"},{"taxonomy":"post_tag","embeddable":true,"href":"https:\/\/www.krajskakniznicazilina.sk\/index.php\/wp-json\/wp\/v2\/tags?post=3253"}],"curies":[{"name":"wp","href":"https:\/\/api.w.org\/{rel}","templated":true}]}}