{"id":3263,"date":"2019-04-09T07:51:38","date_gmt":"2019-04-09T05:51:38","guid":{"rendered":"http:\/\/www.krajskakniznicazilina.sk\/?p=3263"},"modified":"2019-04-10T07:45:41","modified_gmt":"2019-04-10T05:45:41","slug":"seminar-k-spravnej-meditacii","status":"publish","type":"post","link":"https:\/\/www.krajskakniznicazilina.sk\/index.php\/2019\/04\/09\/seminar-k-spravnej-meditacii\/","title":{"rendered":"Semin\u00e1r o spr\u00e1vnej medit\u00e1cii"},"content":{"rendered":"<p style=\"text-align: justify;\"><a href=\"http:\/\/www.krajskakniznicazilina.sk\/clanky\/2019\/04\/medit%C3%A1cia.jpg\"><img decoding=\"async\" class=\"alignleft size-thumbnail\" src=\"http:\/\/www.krajskakniznicazilina.sk\/clanky\/2019\/04\/medit%C3%A1cia.jpg\" width=\"40%\" height=\"40%\" \/><\/a>Poz\u00fdvame V\u00e1s na semin\u00e1r o\u00a0spr\u00e1vnej medit\u00e1cii, ktor\u00e1 je s\u00fa\u010das\u0165ou modern\u00e9ho a\u00a0zdrav\u00e9ho \u017eivotn\u00e9ho \u0161t\u00fdlu. V\u00edtan\u00fd je ka\u017ed\u00fd, kto h\u013ead\u00e1 odpovede a n\u00e1vody:<\/p>\n<ul>\n<li>Ako dob\u00edja\u0165 \u017eivotn\u00fa energiu,<\/li>\n<li>Ako zastavi\u0165 tok my\u0161lienok,<\/li>\n<li>Ako spozna\u0165 seba sam\u00e9ho a posun\u00fa\u0165 sa vpred,<\/li>\n<li>Ako zlep\u0161i\u0165 svoje zdravie,<\/li>\n<li>Ako sa dopracova\u0165 k lep\u0161iemu sp\u00e1nku,<\/li>\n<li>Ako vidie\u0165 veci tak\u00e9 ako s\u00fa.<\/li>\n<\/ul>\n<p>Semin\u00e1r sa uskuto\u010dn\u00ed v utorok<strong> 16. apr\u00edla 2019<\/strong>, v\u00a0Krajskej kni\u017enici v \u017diline. Za\u010diatok je o <strong>16:30<\/strong> s trvan\u00edm pribli\u017ene dve hodiny. <strong>\u00da\u010das\u0165<\/strong> na semin\u00e1ri je <strong>bezplatn\u00e1<\/strong>.<\/p>\n","protected":false},"excerpt":{"rendered":"<p>Poz\u00fdvame V\u00e1s na semin\u00e1r o\u00a0spr\u00e1vnej medit\u00e1cii, ktor\u00e1 je s\u00fa\u010das\u0165ou modern\u00e9ho a\u00a0zdrav\u00e9ho \u017eivotn\u00e9ho \u0161t\u00fdlu. V\u00edtan\u00fd je ka\u017ed\u00fd, kto h\u013ead\u00e1 odpovede a n\u00e1vody: Ako dob\u00edja\u0165 \u017eivotn\u00fa energiu, Ako zastavi\u0165 tok my\u0161lienok, Ako spozna\u0165 seba sam\u00e9ho a posun\u00fa\u0165 sa vpred, Ako zlep\u0161i\u0165 svoje zdravie, Ako sa dopracova\u0165 k lep\u0161iemu sp\u00e1nku, Ako vidie\u0165 veci tak\u00e9 ako s\u00fa. Semin\u00e1r sa &#8230; <a title=\"Semin\u00e1r o spr\u00e1vnej medit\u00e1cii\" class=\"read-more\" href=\"https:\/\/www.krajskakniznicazilina.sk\/index.php\/2019\/04\/09\/seminar-k-spravnej-meditacii\/\" aria-label=\"Pre\u010d\u00edtajte si viac o Semin\u00e1r o spr\u00e1vnej medit\u00e1cii\">\u010c\u00edta\u0165 viac<\/a><\/p>\n","protected":false},"author":1,"featured_media":0,"comment_status":"open","ping_status":"open","sticky":false,"template":"","format":"image","meta":{"footnotes":""},"categories":[1],"tags":[],"class_list":["post-3263","post","type-post","status-publish","format-image","hentry","category-oznam","post_format-post-format-image"],"_links":{"self":[{"href":"https:\/\/www.krajskakniznicazilina.sk\/index.php\/wp-json\/wp\/v2\/posts\/3263","targetHints":{"allow":["GET"]}}],"collection":[{"href":"https:\/\/www.krajskakniznicazilina.sk\/index.php\/wp-json\/wp\/v2\/posts"}],"about":[{"href":"https:\/\/www.krajskakniznicazilina.sk\/index.php\/wp-json\/wp\/v2\/types\/post"}],"author":[{"embeddable":true,"href":"https:\/\/www.krajskakniznicazilina.sk\/index.php\/wp-json\/wp\/v2\/users\/1"}],"replies":[{"embeddable":true,"href":"https:\/\/www.krajskakniznicazilina.sk\/index.php\/wp-json\/wp\/v2\/comments?post=3263"}],"version-history":[{"count":5,"href":"https:\/\/www.krajskakniznicazilina.sk\/index.php\/wp-json\/wp\/v2\/posts\/3263\/revisions"}],"predecessor-version":[{"id":3332,"href":"https:\/\/www.krajskakniznicazilina.sk\/index.php\/wp-json\/wp\/v2\/posts\/3263\/revisions\/3332"}],"wp:attachment":[{"href":"https:\/\/www.krajskakniznicazilina.sk\/index.php\/wp-json\/wp\/v2\/media?parent=3263"}],"wp:term":[{"taxonomy":"category","embeddable":true,"href":"https:\/\/www.krajskakniznicazilina.sk\/index.php\/wp-json\/wp\/v2\/categories?post=3263"},{"taxonomy":"post_tag","embeddable":true,"href":"https:\/\/www.krajskakniznicazilina.sk\/index.php\/wp-json\/wp\/v2\/tags?post=3263"}],"curies":[{"name":"wp","href":"https:\/\/api.w.org\/{rel}","templated":true}]}}