{"id":3268,"date":"2019-04-29T07:37:54","date_gmt":"2019-04-29T05:37:54","guid":{"rendered":"http:\/\/www.krajskakniznicazilina.sk\/?p=3268"},"modified":"2019-04-26T08:38:25","modified_gmt":"2019-04-26T06:38:25","slug":"andy-hryc-inventura","status":"publish","type":"post","link":"https:\/\/www.krajskakniznicazilina.sk\/index.php\/2019\/04\/29\/andy-hryc-inventura\/","title":{"rendered":"Andy Hryc &#8211; Invent\u00fara"},"content":{"rendered":"<p style=\"text-align: justify;\"><a href=\"http:\/\/www.krajskakniznicazilina.sk\/clanky\/2019\/05\/hryc.jpg\"><img decoding=\"async\" class=\"alignleft size-thumbnail\" src=\"http:\/\/www.krajskakniznicazilina.sk\/clanky\/2019\/05\/hryc.jpg\" width=\"40%\" height=\"40%\" \/><\/a><\/p>\n<p style=\"text-align: justify;\">Po fenomen\u00e1lnom \u00faspechu knihy Invent\u00fara v roku 2013 sa Andrej Hryc vracia s reed\u00edciou, do ktorej doplnil \u010fal\u0161ie kapitoly. A hoci v novom, doplnenom vydan\u00ed Invent\u00fary bilancuje k\u013e\u00fa\u010dov\u00e9 udalosti posledn\u00fdch \u0161iestich rokov svojho \u017eivota, jednu vec nezmenil: v osobnom a verejnom z\u00fa\u010dtovan\u00ed ne\u0161etr\u00ed nikoho. Pre\u010do sa rozhodol zorganizova\u0165 pet\u00edciu pre svojho kolegu Du\u0161ana Cinkotu? Ako sa nakr\u00facal film \u010ciara? \u010co v\u0161etko musia absolvova\u0165 film\u00e1ri, ak chc\u00fa uspie\u0165 v nomin\u00e1cii na Oscara? Odpovede na tieto aj \u010fal\u0161ie ot\u00e1zky dostanete v\u00a0stredu\u00a0<strong>15. m\u00e1ja o\u00a017:00<\/strong>.<\/p>\n","protected":false},"excerpt":{"rendered":"<p>Po fenomen\u00e1lnom \u00faspechu knihy Invent\u00fara v roku 2013 sa Andrej Hryc vracia s reed\u00edciou, do ktorej doplnil \u010fal\u0161ie kapitoly. A hoci v novom, doplnenom vydan\u00ed Invent\u00fary bilancuje k\u013e\u00fa\u010dov\u00e9 udalosti posledn\u00fdch \u0161iestich rokov svojho \u017eivota, jednu vec nezmenil: v osobnom a verejnom z\u00fa\u010dtovan\u00ed ne\u0161etr\u00ed nikoho. Pre\u010do sa rozhodol zorganizova\u0165 pet\u00edciu pre svojho kolegu Du\u0161ana Cinkotu? Ako &#8230; <a title=\"Andy Hryc &#8211; Invent\u00fara\" class=\"read-more\" href=\"https:\/\/www.krajskakniznicazilina.sk\/index.php\/2019\/04\/29\/andy-hryc-inventura\/\" aria-label=\"Pre\u010d\u00edtajte si viac o Andy Hryc &#8211; Invent\u00fara\">\u010c\u00edta\u0165 viac<\/a><\/p>\n","protected":false},"author":1,"featured_media":0,"comment_status":"open","ping_status":"open","sticky":false,"template":"","format":"image","meta":{"footnotes":""},"categories":[24,12],"tags":[],"class_list":["post-3268","post","type-post","status-publish","format-image","hentry","category-beseda","category-podujatie","post_format-post-format-image"],"_links":{"self":[{"href":"https:\/\/www.krajskakniznicazilina.sk\/index.php\/wp-json\/wp\/v2\/posts\/3268","targetHints":{"allow":["GET"]}}],"collection":[{"href":"https:\/\/www.krajskakniznicazilina.sk\/index.php\/wp-json\/wp\/v2\/posts"}],"about":[{"href":"https:\/\/www.krajskakniznicazilina.sk\/index.php\/wp-json\/wp\/v2\/types\/post"}],"author":[{"embeddable":true,"href":"https:\/\/www.krajskakniznicazilina.sk\/index.php\/wp-json\/wp\/v2\/users\/1"}],"replies":[{"embeddable":true,"href":"https:\/\/www.krajskakniznicazilina.sk\/index.php\/wp-json\/wp\/v2\/comments?post=3268"}],"version-history":[{"count":3,"href":"https:\/\/www.krajskakniznicazilina.sk\/index.php\/wp-json\/wp\/v2\/posts\/3268\/revisions"}],"predecessor-version":[{"id":3356,"href":"https:\/\/www.krajskakniznicazilina.sk\/index.php\/wp-json\/wp\/v2\/posts\/3268\/revisions\/3356"}],"wp:attachment":[{"href":"https:\/\/www.krajskakniznicazilina.sk\/index.php\/wp-json\/wp\/v2\/media?parent=3268"}],"wp:term":[{"taxonomy":"category","embeddable":true,"href":"https:\/\/www.krajskakniznicazilina.sk\/index.php\/wp-json\/wp\/v2\/categories?post=3268"},{"taxonomy":"post_tag","embeddable":true,"href":"https:\/\/www.krajskakniznicazilina.sk\/index.php\/wp-json\/wp\/v2\/tags?post=3268"}],"curies":[{"name":"wp","href":"https:\/\/api.w.org\/{rel}","templated":true}]}}